{"id":16539,"date":"2026-04-28T19:43:34","date_gmt":"2026-04-28T22:43:34","guid":{"rendered":"https:\/\/realidadsur.com.ar\/?p=16539"},"modified":"2026-04-28T19:43:36","modified_gmt":"2026-04-28T22:43:36","slug":"un-detenido-por-el-homicidio-en-la-biblioteca-de-bernal","status":"publish","type":"post","link":"https:\/\/realidadsur.com.ar\/?p=16539","title":{"rendered":"UN DETENIDO POR EL HOMICIDIO EN LA BIBLIOTECA DE BERNAL"},"content":{"rendered":"\n<p>Un hombre de 37 a\u00f1os fue detenido en car\u00e1cter del principal sospechoso por un homicidio, cuya v\u00edctima fue encontrada en las escalinatas de la Biblioteca P\u00fablica de Bernal.<\/p>\n\n\n\n<p>Seg\u00fan el parte policial, se trata del crimen de Segundo Nicanor Gallardo, que fue encontrado sin vida el pasado 25 de abril, mientras que el sospechoso fue capturado gracias a un trabajo que combin\u00f3 tareas de inteligencia y el soporte tecnol\u00f3gico brindado por el Municipio de Quilmes.<\/p>\n\n\n\n<p>El caso, que inicialmente fue caratulado como averiguaci\u00f3n de causales de muerte, dio un giro tras los resultados de la autopsia, que revelaron m\u00faltiples fracturas compatibles con una agresi\u00f3n violenta; por lo que fue recaratulado como \u201chomicidio\u201d y se orden\u00f3 la intervenci\u00f3n del Gabinete T\u00e1ctico Operativo de la Comisar\u00eda Segunda.<\/p>\n\n\n\n<p>Los investigadores visualizaron el momento del ataque e identificaron el rostro del agresor, basados en los registros del Centro de Emergencias Quilmes (CEQ) junto al relevamiento de c\u00e1maras particulares, que demostraron que se trata de un hombre de 37 a\u00f1os con domicilio en el Barrio Itat\u00ed.<\/p>\n\n\n\n<p>El sospechoso fue interceptado en la v\u00eda p\u00fablica y aprehendido por los efectivos que desplegaron un operativo encubierto; as\u00ed determinaron que ten\u00eda manchas de sangre en uno de sus calzados, que fue incautado.<\/p>\n","protected":false},"excerpt":{"rendered":"<p>Un hombre de 37 a\u00f1os fue detenido en car\u00e1cter del principal sospechoso por un homicidio,&#8230;<\/p>\n","protected":false},"author":2,"featured_media":16540,"comment_status":"open","ping_status":"open","sticky":false,"template":"","format":"standard","meta":{"_jetpack_memberships_contains_paid_content":false,"footnotes":""},"categories":[3976,5],"tags":[71,96,14],"class_list":["post-16539","post","type-post","status-publish","format-standard","has-post-thumbnail","hentry","category-policiales","category-quilmes","tag-bernal","tag-homicidio","tag-quilmes"],"jetpack_featured_media_url":"https:\/\/i0.wp.com\/realidadsur.com.ar\/wp-content\/uploads\/2026\/04\/El-sospechoso-fue-detenido-en-Barrio-Itati.webp?fit=540%2C720&ssl=1","jetpack_sharing_enabled":true,"_links":{"self":[{"href":"https:\/\/realidadsur.com.ar\/index.php?rest_route=\/wp\/v2\/posts\/16539","targetHints":{"allow":["GET"]}}],"collection":[{"href":"https:\/\/realidadsur.com.ar\/index.php?rest_route=\/wp\/v2\/posts"}],"about":[{"href":"https:\/\/realidadsur.com.ar\/index.php?rest_route=\/wp\/v2\/types\/post"}],"author":[{"embeddable":true,"href":"https:\/\/realidadsur.com.ar\/index.php?rest_route=\/wp\/v2\/users\/2"}],"replies":[{"embeddable":true,"href":"https:\/\/realidadsur.com.ar\/index.php?rest_route=%2Fwp%2Fv2%2Fcomments&post=16539"}],"version-history":[{"count":1,"href":"https:\/\/realidadsur.com.ar\/index.php?rest_route=\/wp\/v2\/posts\/16539\/revisions"}],"predecessor-version":[{"id":16541,"href":"https:\/\/realidadsur.com.ar\/index.php?rest_route=\/wp\/v2\/posts\/16539\/revisions\/16541"}],"wp:featuredmedia":[{"embeddable":true,"href":"https:\/\/realidadsur.com.ar\/index.php?rest_route=\/wp\/v2\/media\/16540"}],"wp:attachment":[{"href":"https:\/\/realidadsur.com.ar\/index.php?rest_route=%2Fwp%2Fv2%2Fmedia&parent=16539"}],"wp:term":[{"taxonomy":"category","embeddable":true,"href":"https:\/\/realidadsur.com.ar\/index.php?rest_route=%2Fwp%2Fv2%2Fcategories&post=16539"},{"taxonomy":"post_tag","embeddable":true,"href":"https:\/\/realidadsur.com.ar\/index.php?rest_route=%2Fwp%2Fv2%2Ftags&post=16539"}],"curies":[{"name":"wp","href":"https:\/\/api.w.org\/{rel}","templated":true}]}}