{"id":16542,"date":"2026-04-28T19:51:37","date_gmt":"2026-04-28T22:51:37","guid":{"rendered":"https:\/\/realidadsur.com.ar\/?p=16542"},"modified":"2026-04-28T19:51:40","modified_gmt":"2026-04-28T22:51:40","slug":"nuevo-centro-de-convenciones-para-abogados-en-berazategui","status":"publish","type":"post","link":"https:\/\/realidadsur.com.ar\/?p=16542","title":{"rendered":"NUEVO CENTRO DE CONVENCIONES PARA ABOGADOS EN BERAZATEGUI"},"content":{"rendered":"\n<p>Con la presencia del intendente Carlos Balor, se realiz\u00f3 la presentaci\u00f3n del proyecto del futuro Centro de Convenciones que el Colegio de Abogados del Departamento Judicial de Quilmes construir\u00e1 en Berazategui. El acto se desarroll\u00f3 en el terreno ubicado en la localidad de Juan Mar\u00eda Guti\u00e9rrez, donde se edificar\u00e1 este nuevo espacio destinado a los abogados y abogadas de la Regi\u00f3n Quilmes, Berazategui y Florencio Varela.<\/p>\n\n\n\n<p>\u201cQuiero darles la bienvenida a quienes integran el Colegio Departamental de Quilmes y agradecerles por elegir Berazategui para el desarrollo de este proyecto. Cuando su presidente -el Dr. Bienvenido Rodr\u00edguez Basalo- me acerc\u00f3 la propuesta, le manifest\u00e9 que el Municipio tiene sus puertas abiertas para acompa\u00f1arlos en todo lo que necesiten. Van a contar con el mismo respaldo que les brindaba la gesti\u00f3n del Doctor Juan Jos\u00e9 Mussi, porque seguimos trabajando en esa misma l\u00ednea\u201d, expres\u00f3 Balor tras la ceremonia, que incluy\u00f3 la firma del documento que autoriza oficialmente el inicio de las obras.<\/p>\n\n\n\n<p>Por su parte, Rodr\u00edguez Basalo destac\u00f3: \u201cAgradezco al se\u00f1or intendente, Carlos Balor, por su acompa\u00f1amiento. A este proyecto lo ven\u00edamos trabajando desde hace tiempo con nuestro querido Dr. Juan Jos\u00e9 Mussi, con quien manten\u00edamos una s\u00f3lida relaci\u00f3n institucional y personal. Mediante la creaci\u00f3n de este nuevo Centro de Convenciones, nuestro objetivo es posicionar al Colegio de Abogados de Quilmes y a la ciudad de Berazategui en la agenda acad\u00e9mica del derecho a nivel nacional. Esta iniciativa refleja, adem\u00e1s, nuestro compromiso con la capacitaci\u00f3n permanente y la excelencia profesional\u201d.<\/p>\n\n\n\n<p>El Centro de Convenciones contar\u00e1 con un sal\u00f3n de fiestas, un Sal\u00f3n de Usos M\u00faltiples (SUM), un gimnasio y un espacio de estacionamiento subterr\u00e1neo.<\/p>\n","protected":false},"excerpt":{"rendered":"<p>Con la presencia del intendente Carlos Balor, se realiz\u00f3 la presentaci\u00f3n del proyecto del futuro&#8230;<\/p>\n","protected":false},"author":2,"featured_media":16543,"comment_status":"open","ping_status":"open","sticky":false,"template":"","format":"standard","meta":{"_jetpack_memberships_contains_paid_content":false,"footnotes":""},"categories":[6,3871,5],"tags":[11,2476,2696],"class_list":["post-16542","post","type-post","status-publish","format-standard","has-post-thumbnail","hentry","category-berazategui","category-florencio-varela-2","category-quilmes","tag-berazategui","tag-carlos-balor","tag-colegio-de-abogados"],"jetpack_featured_media_url":"https:\/\/i0.wp.com\/realidadsur.com.ar\/wp-content\/uploads\/2026\/04\/Nuevo-Centro-de-Convenciones-para-abogados-en-Berazategui-2.jpg?fit=1600%2C1066&ssl=1","jetpack_sharing_enabled":true,"_links":{"self":[{"href":"https:\/\/realidadsur.com.ar\/index.php?rest_route=\/wp\/v2\/posts\/16542","targetHints":{"allow":["GET"]}}],"collection":[{"href":"https:\/\/realidadsur.com.ar\/index.php?rest_route=\/wp\/v2\/posts"}],"about":[{"href":"https:\/\/realidadsur.com.ar\/index.php?rest_route=\/wp\/v2\/types\/post"}],"author":[{"embeddable":true,"href":"https:\/\/realidadsur.com.ar\/index.php?rest_route=\/wp\/v2\/users\/2"}],"replies":[{"embeddable":true,"href":"https:\/\/realidadsur.com.ar\/index.php?rest_route=%2Fwp%2Fv2%2Fcomments&post=16542"}],"version-history":[{"count":1,"href":"https:\/\/realidadsur.com.ar\/index.php?rest_route=\/wp\/v2\/posts\/16542\/revisions"}],"predecessor-version":[{"id":16544,"href":"https:\/\/realidadsur.com.ar\/index.php?rest_route=\/wp\/v2\/posts\/16542\/revisions\/16544"}],"wp:featuredmedia":[{"embeddable":true,"href":"https:\/\/realidadsur.com.ar\/index.php?rest_route=\/wp\/v2\/media\/16543"}],"wp:attachment":[{"href":"https:\/\/realidadsur.com.ar\/index.php?rest_route=%2Fwp%2Fv2%2Fmedia&parent=16542"}],"wp:term":[{"taxonomy":"category","embeddable":true,"href":"https:\/\/realidadsur.com.ar\/index.php?rest_route=%2Fwp%2Fv2%2Fcategories&post=16542"},{"taxonomy":"post_tag","embeddable":true,"href":"https:\/\/realidadsur.com.ar\/index.php?rest_route=%2Fwp%2Fv2%2Ftags&post=16542"}],"curies":[{"name":"wp","href":"https:\/\/api.w.org\/{rel}","templated":true}]}}