{"id":16546,"date":"2026-04-29T15:42:34","date_gmt":"2026-04-29T18:42:34","guid":{"rendered":"https:\/\/realidadsur.com.ar\/?p=16546"},"modified":"2026-04-29T15:42:36","modified_gmt":"2026-04-29T18:42:36","slug":"previsible-adorni-aseguro-que-no-ha-cometido-ningun-delito","status":"publish","type":"post","link":"https:\/\/realidadsur.com.ar\/?p=16546","title":{"rendered":"PREVISIBLE: ADORNI ASEGUR\u00d3 QUE NO HA COMETIDO NING\u00daN DELITO"},"content":{"rendered":"\n<p>El jefe de Gabinete, Manuel Adorni, denunci\u00f3 este mi\u00e9rcoles en su informe de gesti\u00f3n en la C\u00e1mara de Diputados que el kirchnerismo, empresarios \u201cprebendarios\u201d y algunos medios de comunicaci\u00f3n, realizaron una \u201coperaci\u00f3n golpista\u201d a mediados del a\u00f1o pasado que retras\u00f3, a su criterio, la \u201creconstrucci\u00f3n\u201d del camino elegido por el Gobierno libertario.<\/p>\n\n\n\n<p>En tanto, Adorni se refiri\u00f3 a las acusaciones en su contra por presuntos hechos de enriquecimiento il\u00edcito y afirm\u00f3 de manera contundente: \u201cHan sacado conclusiones equivocadas. No comet\u00ed ning\u00fan delito y voy a probarlo en la Justicia\u201d.<\/p>\n\n\n\n<p>En una de las preguntas, se solicit\u00f3 informaci\u00f3n sobre los programas de la Televisi\u00f3n P\u00fablica en los que particip\u00f3 el periodista Marcelo Grand\u00edo durante el a\u00f1o 2025, y la respuesta elaborada por el equipo de legales de la Jefatura de Gabinete garantiz\u00f3 que el empresario involucrado en el viaje de la familia Adorni a Punta del Este \u201cno fue contratado por RTA\u201d.<\/p>\n\n\n\n<p>Ante la pregunta N\u00b0559, que consultaba si el viaje fue declarado en el Registro de Viajes Financiados por Terceros, desde el oficialismo aclararon que no hay obligaci\u00f3n de registrarlo, amparados en el Decreto 1179\/2016 que limita el registro a traslados financiados por terceros \u201cpara el dictado de conferencias, cursos o actividades acad\u00e9micas o culturales\u201d.<\/p>\n\n\n\n<p>Por su parte, aclararon que Adorni present\u00f3 la declaraci\u00f3n jurada y que la Oficina Anticorrupci\u00f3n inform\u00f3 la \u201cinexistencia de conflictos de inter\u00e9s en el caso\u201d.<\/p>\n\n\n\n<p>En la pregunta N\u00b01780, la oposici\u00f3n pidi\u00f3 el detalle de la evoluci\u00f3n patrimonial del ministro coordinador y su esposa, Bettina Angeletti, desde el inicio de la funci\u00f3n p\u00fablica hasta la fecha, y la precisi\u00f3n de si existieron acompa\u00f1antes en viajes oficiales \u201ccuyos roles no estuvieran justificados dentro del Estado\u201d.<\/p>\n\n\n\n<p>Paul\u00f3n llev\u00f3 al recinto la m\u00e1quina de hacer pochoclos y le ofreci\u00f3 un paquete a Mart\u00edn Menem<br>La respuesta remite a la declaraci\u00f3n jurada disponible en el portal datos.gob.ar, y se\u00f1ala que los bienes de la c\u00f3nyuge est\u00e1n en el Anexo Reservado del Formulario 1246, que es de car\u00e1cter confidencial.<\/p>\n\n\n\n<p>Sin embargo, la declaraci\u00f3n presentada es de 2024, y si bien contempla la adquisici\u00f3n del departamento en Parque Chacabuco y otro en La Plata, no figura el de la calle Mir\u00f3, en Caballito, ni la casa en el country Indio Cu\u00e1 Golf Club, en Exaltaci\u00f3n de la Cruz. __IP__<\/p>\n\n\n\n<p>Por \u00faltimo, solicitaron un listado detallado de los viajes internacionales del presidente Javier Milei y de su Jefe de Gabinete, con fechas, destinos, costos y composici\u00f3n de las comitivas.<\/p>\n\n\n\n<p>Tambi\u00e9n se le pregunt\u00f3 por la asistencia de su esposa en la comitiva presidencial que viaj\u00f3 a Nueva York para la Argentina Week. Desde el Gobierno aclararon que Angeletti viaj\u00f3 como &#8220;invitada de la Presidencia&#8221; y que su participaci\u00f3n &#8220;no gener\u00f3 gasto alguno para el Estado Nacional&#8221;.<\/p>\n","protected":false},"excerpt":{"rendered":"<p>El jefe de Gabinete, Manuel Adorni, denunci\u00f3 este mi\u00e9rcoles en su informe de gesti\u00f3n en&#8230;<\/p>\n","protected":false},"author":2,"featured_media":16547,"comment_status":"open","ping_status":"open","sticky":false,"template":"","format":"standard","meta":{"_jetpack_memberships_contains_paid_content":false,"footnotes":""},"categories":[3,3978],"tags":[89,1558,200,1111],"class_list":["post-16546","post","type-post","status-publish","format-standard","has-post-thumbnail","hentry","category-nacion","category-politica","tag-corrupcion","tag-denuncias","tag-javier-milei","tag-manuel-adorni"],"jetpack_featured_media_url":"https:\/\/i0.wp.com\/realidadsur.com.ar\/wp-content\/uploads\/2026\/04\/Adorni.jpg?fit=948%2C533&ssl=1","jetpack_sharing_enabled":true,"_links":{"self":[{"href":"https:\/\/realidadsur.com.ar\/index.php?rest_route=\/wp\/v2\/posts\/16546","targetHints":{"allow":["GET"]}}],"collection":[{"href":"https:\/\/realidadsur.com.ar\/index.php?rest_route=\/wp\/v2\/posts"}],"about":[{"href":"https:\/\/realidadsur.com.ar\/index.php?rest_route=\/wp\/v2\/types\/post"}],"author":[{"embeddable":true,"href":"https:\/\/realidadsur.com.ar\/index.php?rest_route=\/wp\/v2\/users\/2"}],"replies":[{"embeddable":true,"href":"https:\/\/realidadsur.com.ar\/index.php?rest_route=%2Fwp%2Fv2%2Fcomments&post=16546"}],"version-history":[{"count":1,"href":"https:\/\/realidadsur.com.ar\/index.php?rest_route=\/wp\/v2\/posts\/16546\/revisions"}],"predecessor-version":[{"id":16548,"href":"https:\/\/realidadsur.com.ar\/index.php?rest_route=\/wp\/v2\/posts\/16546\/revisions\/16548"}],"wp:featuredmedia":[{"embeddable":true,"href":"https:\/\/realidadsur.com.ar\/index.php?rest_route=\/wp\/v2\/media\/16547"}],"wp:attachment":[{"href":"https:\/\/realidadsur.com.ar\/index.php?rest_route=%2Fwp%2Fv2%2Fmedia&parent=16546"}],"wp:term":[{"taxonomy":"category","embeddable":true,"href":"https:\/\/realidadsur.com.ar\/index.php?rest_route=%2Fwp%2Fv2%2Fcategories&post=16546"},{"taxonomy":"post_tag","embeddable":true,"href":"https:\/\/realidadsur.com.ar\/index.php?rest_route=%2Fwp%2Fv2%2Ftags&post=16546"}],"curies":[{"name":"wp","href":"https:\/\/api.w.org\/{rel}","templated":true}]}}