{"id":16549,"date":"2026-04-29T16:12:40","date_gmt":"2026-04-29T19:12:40","guid":{"rendered":"https:\/\/realidadsur.com.ar\/?p=16549"},"modified":"2026-04-29T16:12:42","modified_gmt":"2026-04-29T19:12:42","slug":"multitudinaria-convocatoria-por-el-dia-del-animal-en-berazategui","status":"publish","type":"post","link":"https:\/\/realidadsur.com.ar\/?p=16549","title":{"rendered":"MULTITUDINARIA CONVOCATORIA POR EL D\u00cdA DEL ANIMAL EN BERAZATEGUI"},"content":{"rendered":"\n<p>En el marco del D\u00eda Nacional del Animal, Berazategui vivi\u00f3 una jornada llena de alegr\u00eda. Cientos de vecinos y vecinas participaron del tradicional Encuentro Animal junto a sus compa\u00f1eros de vida, en el play\u00f3n del Edificio Municipal. El intendente Carlos Balor estuvo acompa\u00f1ado por su perra Tita.<\/p>\n\n\n\n<p>\u201cGracias a todos los vecinos por ser parte de este evento, junto a sus animalitos. Nuestro querido Dr. Juan Jos\u00e9 Mussi amaba profundamente a los animales y Berazategui va a seguir ese camino\u201d, expres\u00f3 Balor. Adem\u00e1s, el Intendente destac\u00f3 el trabajo conjunto con la Fundaci\u00f3n Banco Provincia y la Secretar\u00eda de Salud municipal, y reafirm\u00f3 el acompa\u00f1amiento al rescatista oriundo de la ciudad, Fernando Pieroni.<\/p>\n\n\n\n<figure class=\"wp-block-image size-large\"><img data-recalc-dims=\"1\" loading=\"lazy\" decoding=\"async\" width=\"640\" height=\"426\" src=\"https:\/\/i0.wp.com\/realidadsur.com.ar\/wp-content\/uploads\/2026\/04\/Bendicion-1024x682.jpeg?resize=640%2C426&#038;ssl=1\" alt=\"\" class=\"wp-image-16551\" srcset=\"https:\/\/i0.wp.com\/realidadsur.com.ar\/wp-content\/uploads\/2026\/04\/Bendicion.jpeg?resize=1024%2C682&amp;ssl=1 1024w, https:\/\/i0.wp.com\/realidadsur.com.ar\/wp-content\/uploads\/2026\/04\/Bendicion.jpeg?resize=300%2C200&amp;ssl=1 300w, https:\/\/i0.wp.com\/realidadsur.com.ar\/wp-content\/uploads\/2026\/04\/Bendicion.jpeg?resize=768%2C512&amp;ssl=1 768w, https:\/\/i0.wp.com\/realidadsur.com.ar\/wp-content\/uploads\/2026\/04\/Bendicion.jpeg?resize=1536%2C1023&amp;ssl=1 1536w, https:\/\/i0.wp.com\/realidadsur.com.ar\/wp-content\/uploads\/2026\/04\/Bendicion.jpeg?w=1600&amp;ssl=1 1600w, https:\/\/i0.wp.com\/realidadsur.com.ar\/wp-content\/uploads\/2026\/04\/Bendicion.jpeg?w=1280 1280w\" sizes=\"auto, (max-width: 640px) 100vw, 640px\" \/><\/figure>\n\n\n\n<p>La jornada incluy\u00f3 una emotiva bendici\u00f3n de animales a cargo del Padre Ignacio Blanco, sorteos, vacunaci\u00f3n antirr\u00e1bica gratuita, entrega de antiparasitarios y reconocimientos a familias adoptantes. Hubo charlas sobre tenencia responsable y cuidado animal, junto a informaci\u00f3n sobre los servicios de la Cl\u00ednica Veterinaria Municipal. Tambi\u00e9n particip\u00f3 Victoria Iommi, Gerenta General de la Fundaci\u00f3n Banco Provincia, que viene colaborando con el municipio en este tipo de iniciativas.<\/p>\n\n\n\n<p>Durante el encuentro, Balor entreg\u00f3 a Pieroni un obsequio realizado por la artista Roc\u00edo Bogado, en reconocimiento a su labor al frente de la Fundaci\u00f3n Planeta Vivo.<\/p>\n","protected":false},"excerpt":{"rendered":"<p>En el marco del D\u00eda Nacional del Animal, Berazategui vivi\u00f3 una jornada llena de alegr\u00eda&#8230;.<\/p>\n","protected":false},"author":2,"featured_media":16550,"comment_status":"open","ping_status":"open","sticky":false,"template":"","format":"standard","meta":{"_jetpack_memberships_contains_paid_content":false,"footnotes":""},"categories":[6,8],"tags":[11,2476,4293,9],"class_list":["post-16549","post","type-post","status-publish","format-standard","has-post-thumbnail","hentry","category-berazategui","category-interes-general","tag-berazategui","tag-carlos-balor","tag-dia-del-animal","tag-juan-jose-mussi"],"jetpack_featured_media_url":"https:\/\/i0.wp.com\/realidadsur.com.ar\/wp-content\/uploads\/2026\/04\/Dia-del-animal.jpeg?fit=1600%2C1066&ssl=1","jetpack_sharing_enabled":true,"_links":{"self":[{"href":"https:\/\/realidadsur.com.ar\/index.php?rest_route=\/wp\/v2\/posts\/16549","targetHints":{"allow":["GET"]}}],"collection":[{"href":"https:\/\/realidadsur.com.ar\/index.php?rest_route=\/wp\/v2\/posts"}],"about":[{"href":"https:\/\/realidadsur.com.ar\/index.php?rest_route=\/wp\/v2\/types\/post"}],"author":[{"embeddable":true,"href":"https:\/\/realidadsur.com.ar\/index.php?rest_route=\/wp\/v2\/users\/2"}],"replies":[{"embeddable":true,"href":"https:\/\/realidadsur.com.ar\/index.php?rest_route=%2Fwp%2Fv2%2Fcomments&post=16549"}],"version-history":[{"count":1,"href":"https:\/\/realidadsur.com.ar\/index.php?rest_route=\/wp\/v2\/posts\/16549\/revisions"}],"predecessor-version":[{"id":16552,"href":"https:\/\/realidadsur.com.ar\/index.php?rest_route=\/wp\/v2\/posts\/16549\/revisions\/16552"}],"wp:featuredmedia":[{"embeddable":true,"href":"https:\/\/realidadsur.com.ar\/index.php?rest_route=\/wp\/v2\/media\/16550"}],"wp:attachment":[{"href":"https:\/\/realidadsur.com.ar\/index.php?rest_route=%2Fwp%2Fv2%2Fmedia&parent=16549"}],"wp:term":[{"taxonomy":"category","embeddable":true,"href":"https:\/\/realidadsur.com.ar\/index.php?rest_route=%2Fwp%2Fv2%2Fcategories&post=16549"},{"taxonomy":"post_tag","embeddable":true,"href":"https:\/\/realidadsur.com.ar\/index.php?rest_route=%2Fwp%2Fv2%2Ftags&post=16549"}],"curies":[{"name":"wp","href":"https:\/\/api.w.org\/{rel}","templated":true}]}}