{"id":16554,"date":"2026-04-29T16:36:14","date_gmt":"2026-04-29T19:36:14","guid":{"rendered":"https:\/\/realidadsur.com.ar\/?p=16554"},"modified":"2026-04-29T16:36:16","modified_gmt":"2026-04-29T19:36:16","slug":"nuevo-aumento-en-el-boleto-de-colectivos","status":"publish","type":"post","link":"https:\/\/realidadsur.com.ar\/?p=16554","title":{"rendered":"NUEVO AUMENTO EN EL BOLETO DE COLECTIVOS"},"content":{"rendered":"\n<p>Las tarifas de colectivos en el \u00c1rea Metropolitana de Buenos Aires (AMBA) tendr\u00e1n un nuevo incremento en el comienzo de mayo como parte del esquema de subas mensuales vigente para el a\u00f1o.<\/p>\n\n\n\n<p>En la provincia de Buenos Aires se dispuso un alza de 5,4% para el boleto de colectivos para las l\u00edneas urbanas e interurbanas del conurbano bonaerense, mientras que en la Ciudad de Buenos Aires la suba alcanzar\u00eda el mismo porcentaje, pero en el Gran La Plata el aumento trepar\u00eda hasta el 11%.<\/p>\n\n\n\n<p>El c\u00e1lculo del aumento se desprende del m\u00e9todo de indexaci\u00f3n mensual, que contempla la suma del \u00faltimo dato de inflaci\u00f3n (3,4% en marzo) y un 2% extra. En el territorio bonaerense, las subas todav\u00eda deben ser refrendadas en el Bolet\u00edn Oficial y el incremento extra que elevar\u00eda el valor en la regi\u00f3n capital est\u00e1 vinculado a la crisis en el transporte por el atraso en la cobertura de costos del sector y el aumento del combustible.<\/p>\n\n\n\n<p>Los servicios de CABA que tendr\u00e1n variaciones en sus costos a partir del viernes 1 de mayo son los subtes, el premetro, los peajes de las autopistas de jurisdicci\u00f3n porte\u00f1a y las 31 l\u00edneas de colectivos que transitan en el territorio de la Ciudad, que fueron traspasadas por Naci\u00f3n en septiembre del 2024.<\/p>\n\n\n\n<p>Incremento en el boleto de colectivo<br>CABA<\/p>\n\n\n\n<p>*Secci\u00f3n 1 (0 a 3 km): Plena: $753 &#8211; Tarifa social: $339 &#8211; SUBE Sin Nominalizar: $1.198<br>*Secci\u00f3n 2 (3 a 6 km): Plena: $837 &#8211; Tarifa social: $376 &#8211; SUBE Sin Nominalizar: $1.331<br>*Secci\u00f3n 3 (6 a 12 km): Plena: $902 &#8211; Tarifa social: $405 &#8211; SUBE Sin Nominalizar: $1.434<br>*Secci\u00f3n 4 (12 a 27 km): Plena: $966 &#8211; Tarifa social: $435 &#8211; SUBE Sin Nominalizar: $1.537<br>PBA<\/p>\n\n\n\n<p>Gran Buenos Aires<\/p>\n\n\n\n<p>*De 0 a 3 km: Plena: $918 &#8211; Tarifa social: $413 &#8211; SUBE Sin Nominalizar: $1.460<br>*De 3 a 6 km: Plena: $1.023 &#8211; Tarifa social: $460 &#8211; SUBE Sin Nominalizar: $1.626<br>*De 6 a 12 km: Plena: $1.101 &#8211; Tarifa social: $495 &#8211; SUBE Sin Nominalizar: $1.751<br>*De 12 a 27 km: Plena: $1.180 &#8211; Tarifa social: $531 &#8211; SUBE Sin Nominalizar: $1.877<br>*M\u00e1s de 27 km: Plena: $1.259 &#8211; Tarifa social: $566 &#8211; SUBE Sin Nominalizar: $2.001<\/p>\n","protected":false},"excerpt":{"rendered":"<p>Las tarifas de colectivos en el \u00c1rea Metropolitana de Buenos Aires (AMBA) tendr\u00e1n un nuevo&#8230;<\/p>\n","protected":false},"author":2,"featured_media":6917,"comment_status":"open","ping_status":"open","sticky":false,"template":"","format":"standard","meta":{"_jetpack_memberships_contains_paid_content":false,"footnotes":""},"categories":[996,3823,3978,4],"tags":[126],"class_list":["post-16554","post","type-post","status-publish","format-standard","has-post-thumbnail","hentry","category-caba","category-economia","category-politica","category-provincia","tag-aumento-de-boletos"],"jetpack_featured_media_url":"https:\/\/i0.wp.com\/realidadsur.com.ar\/wp-content\/uploads\/2024\/08\/Por-la-crisis-la-gente-viaja-menos-en-colectivos.jpg?fit=800%2C557&ssl=1","jetpack_sharing_enabled":true,"_links":{"self":[{"href":"https:\/\/realidadsur.com.ar\/index.php?rest_route=\/wp\/v2\/posts\/16554","targetHints":{"allow":["GET"]}}],"collection":[{"href":"https:\/\/realidadsur.com.ar\/index.php?rest_route=\/wp\/v2\/posts"}],"about":[{"href":"https:\/\/realidadsur.com.ar\/index.php?rest_route=\/wp\/v2\/types\/post"}],"author":[{"embeddable":true,"href":"https:\/\/realidadsur.com.ar\/index.php?rest_route=\/wp\/v2\/users\/2"}],"replies":[{"embeddable":true,"href":"https:\/\/realidadsur.com.ar\/index.php?rest_route=%2Fwp%2Fv2%2Fcomments&post=16554"}],"version-history":[{"count":1,"href":"https:\/\/realidadsur.com.ar\/index.php?rest_route=\/wp\/v2\/posts\/16554\/revisions"}],"predecessor-version":[{"id":16555,"href":"https:\/\/realidadsur.com.ar\/index.php?rest_route=\/wp\/v2\/posts\/16554\/revisions\/16555"}],"wp:featuredmedia":[{"embeddable":true,"href":"https:\/\/realidadsur.com.ar\/index.php?rest_route=\/wp\/v2\/media\/6917"}],"wp:attachment":[{"href":"https:\/\/realidadsur.com.ar\/index.php?rest_route=%2Fwp%2Fv2%2Fmedia&parent=16554"}],"wp:term":[{"taxonomy":"category","embeddable":true,"href":"https:\/\/realidadsur.com.ar\/index.php?rest_route=%2Fwp%2Fv2%2Fcategories&post=16554"},{"taxonomy":"post_tag","embeddable":true,"href":"https:\/\/realidadsur.com.ar\/index.php?rest_route=%2Fwp%2Fv2%2Ftags&post=16554"}],"curies":[{"name":"wp","href":"https:\/\/api.w.org\/{rel}","templated":true}]}}