{"id":16558,"date":"2026-04-30T15:49:21","date_gmt":"2026-04-30T18:49:21","guid":{"rendered":"https:\/\/realidadsur.com.ar\/?p=16558"},"modified":"2026-04-30T15:49:25","modified_gmt":"2026-04-30T18:49:25","slug":"importante-reunion-de-delegados-de-trabajadores-de-comercio-en-quilmes","status":"publish","type":"post","link":"https:\/\/realidadsur.com.ar\/?p=16558","title":{"rendered":"IMPORTANTE REUNI\u00d3N DE DELEGADOS DE TRABAJADORES DE COMERCIO EN QUILMES"},"content":{"rendered":"\n<p>Se llev\u00f3 adelante una reuni\u00f3n y charla-debate de los dirigentes del Centro de Empleados de Comercio de Quilmes, Varela y Berazategui (CECQ) con los delegados de los trabajadores donde se realiz\u00f3 un an\u00e1lisis sobre la Reforma laboral impulsada por el gobierno de Javier Milei.<\/p>\n\n\n\n<p>&#8220;Abordamos los principales puntos de esta iniciativa, sus implicancias para los trabajadores mercantiles y, fundamentalmente, la necesidad de fortalecer la organizaci\u00f3n colectiva en un contexto que exige unidad, compromiso y firme defensa de nuestros derechos&#8221;, indicaron desde el Gremio conducido por Roberto &#8220;Mata&#8221; Rodr\u00edguez.<\/p>\n\n\n\n<p>Del mismo modo, agregaron: &#8220;De cara al pr\u00f3ximo D\u00eda del Trabajador, se propuso impulsar una jornada de concientizaci\u00f3n, con objetivo de dialogar con nuestros compa\u00f1eros y compa\u00f1eras, informar sobre las nuevas pol\u00edticas y generar conciencia sobre el verdadero impacto que estas medidas pueden tener en el trabajo&#8221;.<\/p>\n\n\n\n<p>&#8220;Desde el CECQ, reafirmamos el rol fundamental de las organizaciones gremiales y de todo el cuerpo de delegados como actores clave en la representaci\u00f3n, defensa y protecci\u00f3n de cada trabajador y trabajadora. M\u00e1s unidos que nunca, en defensa de nuestros derechos&#8221;, finalizaron.<\/p>\n","protected":false},"excerpt":{"rendered":"<p>Se llev\u00f3 adelante una reuni\u00f3n y charla-debate de los dirigentes del Centro de Empleados de&#8230;<\/p>\n","protected":false},"author":2,"featured_media":16559,"comment_status":"open","ping_status":"open","sticky":false,"template":"","format":"standard","meta":{"_jetpack_memberships_contains_paid_content":false,"footnotes":""},"categories":[6,3871,5],"tags":[11,341,26,14,1230],"class_list":["post-16558","post","type-post","status-publish","format-standard","has-post-thumbnail","hentry","category-berazategui","category-florencio-varela-2","category-quilmes","tag-berazategui","tag-centro-de-empleados-de-comercio","tag-florencio-varela","tag-quilmes","tag-roberto-mata-rodriguez-3"],"jetpack_featured_media_url":"https:\/\/i0.wp.com\/realidadsur.com.ar\/wp-content\/uploads\/2026\/04\/Mercantiles.jpg?fit=2048%2C1536&ssl=1","jetpack_sharing_enabled":true,"_links":{"self":[{"href":"https:\/\/realidadsur.com.ar\/index.php?rest_route=\/wp\/v2\/posts\/16558","targetHints":{"allow":["GET"]}}],"collection":[{"href":"https:\/\/realidadsur.com.ar\/index.php?rest_route=\/wp\/v2\/posts"}],"about":[{"href":"https:\/\/realidadsur.com.ar\/index.php?rest_route=\/wp\/v2\/types\/post"}],"author":[{"embeddable":true,"href":"https:\/\/realidadsur.com.ar\/index.php?rest_route=\/wp\/v2\/users\/2"}],"replies":[{"embeddable":true,"href":"https:\/\/realidadsur.com.ar\/index.php?rest_route=%2Fwp%2Fv2%2Fcomments&post=16558"}],"version-history":[{"count":1,"href":"https:\/\/realidadsur.com.ar\/index.php?rest_route=\/wp\/v2\/posts\/16558\/revisions"}],"predecessor-version":[{"id":16560,"href":"https:\/\/realidadsur.com.ar\/index.php?rest_route=\/wp\/v2\/posts\/16558\/revisions\/16560"}],"wp:featuredmedia":[{"embeddable":true,"href":"https:\/\/realidadsur.com.ar\/index.php?rest_route=\/wp\/v2\/media\/16559"}],"wp:attachment":[{"href":"https:\/\/realidadsur.com.ar\/index.php?rest_route=%2Fwp%2Fv2%2Fmedia&parent=16558"}],"wp:term":[{"taxonomy":"category","embeddable":true,"href":"https:\/\/realidadsur.com.ar\/index.php?rest_route=%2Fwp%2Fv2%2Fcategories&post=16558"},{"taxonomy":"post_tag","embeddable":true,"href":"https:\/\/realidadsur.com.ar\/index.php?rest_route=%2Fwp%2Fv2%2Ftags&post=16558"}],"curies":[{"name":"wp","href":"https:\/\/api.w.org\/{rel}","templated":true}]}}