{"id":16572,"date":"2026-04-30T18:12:16","date_gmt":"2026-04-30T21:12:16","guid":{"rendered":"https:\/\/realidadsur.com.ar\/?p=16572"},"modified":"2026-04-30T18:12:19","modified_gmt":"2026-04-30T21:12:19","slug":"vuelve-el-halcon-con-una-linda-sorpresa","status":"publish","type":"post","link":"https:\/\/realidadsur.com.ar\/?p=16572","title":{"rendered":"VUELVE EL HALC\u00d3N CON UNA LINDA SORPRESA"},"content":{"rendered":"\n<p>Luego de meses sin circular, en los que se barajaban diferentes hip\u00f3tesis sobre su futuro, la L\u00ednea de colectivos 148 vuelve a circular por las calles del Conurbano bonaerense. Si bien no pudieron subsistir la totalidad de los ramales, la nueva concesionaria mantendr\u00e1 a una gran parte, y en el primer d\u00eda de funcionamiento, los usuarios tendr\u00e1n una sorpresa: no pagar\u00e1n boleto.<\/p>\n\n\n\n<p>Los ramales que vuelven a circular ser\u00e1n los siguientes:<\/p>\n\n\n\n<p>A: Cementerio (ex C)<br>B: La Capilla (ex C)<br>D: Villa del Plata (ex H)<br>G: Solano por 844 (ex E)<br>H: Solano por Monteverde (ex F)<br>I: Solano por San Mart\u00edn (ex G)<\/p>\n\n\n\n<p>No obstante, dejar\u00e1n de circular estos remales:<\/p>\n\n\n\n<p>*Solano por Pasco<br>*Cruce Varela por El Jal\u00f3n<br>*Dardo Rocha y 7 por Acceso<\/p>\n\n\n\n<p>Seg\u00fan trascendi\u00f3, la empresa adoptar\u00e1 pr\u00f3ximamente el nombre de Misi\u00f3n Halc\u00f3n y cambiar\u00e1 el tradicional n\u00famero 148 por 198.<\/p>\n\n\n\n<p>La flota de unidades coches unidades 0km, veh\u00edculos usados y colectivos articulados para mejorar la frecuencia y capacidad.<\/p>\n\n\n\n<p><\/p>\n","protected":false},"excerpt":{"rendered":"<p>Luego de meses sin circular, en los que se barajaban diferentes hip\u00f3tesis sobre su futuro,&#8230;<\/p>\n","protected":false},"author":2,"featured_media":16573,"comment_status":"open","ping_status":"open","sticky":false,"template":"","format":"standard","meta":{"_jetpack_memberships_contains_paid_content":false,"footnotes":""},"categories":[450,6,996,3871,5],"tags":[3938,4266],"class_list":["post-16572","post","type-post","status-publish","format-standard","has-post-thumbnail","hentry","category-avellaneda","category-berazategui","category-caba","category-florencio-varela-2","category-quilmes","tag-el-nuevo-halcon","tag-mision-buenos-aires"],"jetpack_featured_media_url":"https:\/\/i0.wp.com\/realidadsur.com.ar\/wp-content\/uploads\/2026\/04\/El-Halcon-nuevo.png?fit=388%2C472&ssl=1","jetpack_sharing_enabled":true,"_links":{"self":[{"href":"https:\/\/realidadsur.com.ar\/index.php?rest_route=\/wp\/v2\/posts\/16572","targetHints":{"allow":["GET"]}}],"collection":[{"href":"https:\/\/realidadsur.com.ar\/index.php?rest_route=\/wp\/v2\/posts"}],"about":[{"href":"https:\/\/realidadsur.com.ar\/index.php?rest_route=\/wp\/v2\/types\/post"}],"author":[{"embeddable":true,"href":"https:\/\/realidadsur.com.ar\/index.php?rest_route=\/wp\/v2\/users\/2"}],"replies":[{"embeddable":true,"href":"https:\/\/realidadsur.com.ar\/index.php?rest_route=%2Fwp%2Fv2%2Fcomments&post=16572"}],"version-history":[{"count":1,"href":"https:\/\/realidadsur.com.ar\/index.php?rest_route=\/wp\/v2\/posts\/16572\/revisions"}],"predecessor-version":[{"id":16574,"href":"https:\/\/realidadsur.com.ar\/index.php?rest_route=\/wp\/v2\/posts\/16572\/revisions\/16574"}],"wp:featuredmedia":[{"embeddable":true,"href":"https:\/\/realidadsur.com.ar\/index.php?rest_route=\/wp\/v2\/media\/16573"}],"wp:attachment":[{"href":"https:\/\/realidadsur.com.ar\/index.php?rest_route=%2Fwp%2Fv2%2Fmedia&parent=16572"}],"wp:term":[{"taxonomy":"category","embeddable":true,"href":"https:\/\/realidadsur.com.ar\/index.php?rest_route=%2Fwp%2Fv2%2Fcategories&post=16572"},{"taxonomy":"post_tag","embeddable":true,"href":"https:\/\/realidadsur.com.ar\/index.php?rest_route=%2Fwp%2Fv2%2Ftags&post=16572"}],"curies":[{"name":"wp","href":"https:\/\/api.w.org\/{rel}","templated":true}]}}