{"id":16582,"date":"2026-05-01T23:06:36","date_gmt":"2026-05-02T02:06:36","guid":{"rendered":"https:\/\/realidadsur.com.ar\/?p=16582"},"modified":"2026-05-01T23:06:38","modified_gmt":"2026-05-02T02:06:38","slug":"berazategui-se-prepara-para-recibir-a-atletas-de-todo-el-mundo","status":"publish","type":"post","link":"https:\/\/realidadsur.com.ar\/?p=16582","title":{"rendered":"BERAZATEGUI SE PREPARA PARA RECIBIR A ATLETAS DE TODO EL MUNDO"},"content":{"rendered":"\n<p>El s\u00e1bado 13 de junio, en Berazategui se llevar\u00e1 a cabo la 37\u00b0 Prueba Atl\u00e9tica 10K D\u00eda del Vidriero \u201cSaverio Terminiello\u201d, una de las competencias deportivas m\u00e1s tradicionales del circuito provincial. El punto de partida y llegada ser\u00e1 el mismo: Avenida 14 y 143. La cita ser\u00e1 a las 16.00 y se espera una colorida fiesta con importante convocatoria vecinal.<\/p>\n\n\n\n<p>Este a\u00f1o, la inscripci\u00f3n online comenzar\u00e1 el martes 26 de mayo y permanecer\u00e1 habilitada hasta el viernes 29, o hasta completar el cupo m\u00e1ximo de 4.000 corredores. Quienes deseen participar, deber\u00e1n anotarse a trav\u00e9s del sitio oficial del Municipio: berazategui.gob.ar.<\/p>\n\n\n\n<p>Cada participante registrado recibir\u00e1 un kit compuesto por n\u00famero de corredor, chip al dorso y remera oficial de la marat\u00f3n, esta \u00faltima destinada solo a los primeros 500 inscriptos. La entrega de los mismos se realizar\u00e1 el jueves 11 y el viernes 12 de junio, \u00fanicamente en el Complejo Deportivo Municipal Ducilo (calle 5 y 151), de 9.00 a 19.00.<\/p>\n\n\n\n<p>En esta 37\u00b0 edici\u00f3n, los corredores y corredoras que completen el circuito recibir\u00e1n una medalla finisher, que ser\u00e1 entregada al momento de cruzar la meta. Como es habitual, la ceremonia de premiaci\u00f3n se desarrollar\u00e1 en el Centro Municipal de Actividades Roberto De Vicenzo, consolidando una vez m\u00e1s esta prueba como uno de los eventos deportivos m\u00e1s convocantes y esperados por la comunidad bonaerense.<\/p>\n","protected":false},"excerpt":{"rendered":"<p>El s\u00e1bado 13 de junio, en Berazategui se llevar\u00e1 a cabo la 37\u00b0 Prueba Atl\u00e9tica&#8230;<\/p>\n","protected":false},"author":2,"featured_media":16583,"comment_status":"open","ping_status":"open","sticky":false,"template":"","format":"standard","meta":{"_jetpack_memberships_contains_paid_content":false,"footnotes":""},"categories":[6],"tags":[11,2476,2184],"class_list":["post-16582","post","type-post","status-publish","format-standard","has-post-thumbnail","hentry","category-berazategui","tag-berazategui","tag-carlos-balor","tag-prueba-atletica-10k-dia-del-vidriero"],"jetpack_featured_media_url":"https:\/\/i0.wp.com\/realidadsur.com.ar\/wp-content\/uploads\/2026\/05\/Berazategui-se-viene-la-37%C2%B0-Prueba-Atletica-10K-Dia-del-Vidriero-3.jpg?fit=1600%2C1066&ssl=1","jetpack_sharing_enabled":true,"_links":{"self":[{"href":"https:\/\/realidadsur.com.ar\/index.php?rest_route=\/wp\/v2\/posts\/16582","targetHints":{"allow":["GET"]}}],"collection":[{"href":"https:\/\/realidadsur.com.ar\/index.php?rest_route=\/wp\/v2\/posts"}],"about":[{"href":"https:\/\/realidadsur.com.ar\/index.php?rest_route=\/wp\/v2\/types\/post"}],"author":[{"embeddable":true,"href":"https:\/\/realidadsur.com.ar\/index.php?rest_route=\/wp\/v2\/users\/2"}],"replies":[{"embeddable":true,"href":"https:\/\/realidadsur.com.ar\/index.php?rest_route=%2Fwp%2Fv2%2Fcomments&post=16582"}],"version-history":[{"count":1,"href":"https:\/\/realidadsur.com.ar\/index.php?rest_route=\/wp\/v2\/posts\/16582\/revisions"}],"predecessor-version":[{"id":16584,"href":"https:\/\/realidadsur.com.ar\/index.php?rest_route=\/wp\/v2\/posts\/16582\/revisions\/16584"}],"wp:featuredmedia":[{"embeddable":true,"href":"https:\/\/realidadsur.com.ar\/index.php?rest_route=\/wp\/v2\/media\/16583"}],"wp:attachment":[{"href":"https:\/\/realidadsur.com.ar\/index.php?rest_route=%2Fwp%2Fv2%2Fmedia&parent=16582"}],"wp:term":[{"taxonomy":"category","embeddable":true,"href":"https:\/\/realidadsur.com.ar\/index.php?rest_route=%2Fwp%2Fv2%2Fcategories&post=16582"},{"taxonomy":"post_tag","embeddable":true,"href":"https:\/\/realidadsur.com.ar\/index.php?rest_route=%2Fwp%2Fv2%2Ftags&post=16582"}],"curies":[{"name":"wp","href":"https:\/\/api.w.org\/{rel}","templated":true}]}}