{"id":16585,"date":"2026-05-01T23:27:03","date_gmt":"2026-05-02T02:27:03","guid":{"rendered":"https:\/\/realidadsur.com.ar\/?p=16585"},"modified":"2026-05-01T23:27:06","modified_gmt":"2026-05-02T02:27:06","slug":"el-lunes-llega-al-pais-pequeno-j-acusado-por-el-triple-crimen-de-varela","status":"publish","type":"post","link":"https:\/\/realidadsur.com.ar\/?p=16585","title":{"rendered":"EL LUNES LLEGA AL PA\u00cdS &#8220;PEQUE\u00d1O J&#8221;, ACUSADO POR EL TRIPLE CRIMEN DE VARELA"},"content":{"rendered":"\n<p>Nuevos detalles se conocen sobre c\u00f3mo va a ser la extradici\u00f3n de Tony Janzen Valverde Victoriano, m\u00e1s conocido como Peque\u00f1o J y que se encuentra acusado por los cr\u00edmenes de Lara Guti\u00e9rrez, Brenda del Castillo y Morena Verdi. El se\u00f1alado llegar\u00e1 al pa\u00eds desde Per\u00fa este lunes 4 de mayo.<\/p>\n\n\n\n<p>Despu\u00e9s de meses, el arribo de Valverde Victoriano ser\u00e1 el pr\u00f3ximo lunes por la tarde en el Aeropuerto Internacional de Ezeiza y el operativo, de acuerdo a lo informado a este medio, estar\u00e1 a cargo de la Divisi\u00f3n Fugitivos y Extradiciones de la Polic\u00eda Federal Argentina.<\/p>\n\n\n\n<p>Por el momento se desconoce si una comitiva de la PFA viajar\u00e1 hasta Per\u00fa para buscar al acusado, o si personal policial de dicho pa\u00eds ser\u00e1 el encargado de su traslado.<\/p>\n\n\n\n<p>Tras su arribo, quedar\u00e1 bajo custodia hasta que al d\u00eda siguiente sea indagado por el Juzgado Federal en lo Criminal y Correccional N\u00b02 de Mor\u00f3n, a cargo de Jorge Ernesto Rodr\u00edguez.<\/p>\n\n\n\n<p>A Peque\u00f1o J se lo considera miembro de un plan criminal organizado por integrantes de una estructura vinculada al narcotr\u00e1fico para recuperar droga presuntamente sustra\u00edda a la organizaci\u00f3n.<\/p>\n\n\n\n<p>En ese contexto, el 19 de septiembre de 2025 Verdi, Guti\u00e9rrez (15 a\u00f1os) y Del Castillo fueron captadas mediante enga\u00f1o en Ciudad Evita, subidas a una camioneta bajo el pretexto de asistir a una fiesta y trasladadas a una vivienda ubicada en la calle Cha\u00f1ar 702 de Florencio Varela.<\/p>\n\n\n\n<p>All\u00ed fueron privadas de su libertad, maniatadas, golpeadas, torturadas y asesinadas. Luego sus cuerpos fueron enterrados en el mismo inmueble y el veh\u00edculo utilizado para el traslado fue incendiado para procurar impunidad.<\/p>\n\n\n\n<p>El investigado huy\u00f3 del pa\u00eds una vez conocida su intervenci\u00f3n en los hechos y la Justicia provincial orden\u00f3 su detenci\u00f3n. Su captura se logr\u00f3 tras la colaboraci\u00f3n de las autoridades de Per\u00fa, pa\u00eds donde tambi\u00e9n se arrest\u00f3 a Mat\u00edas Ozorio.<\/p>\n\n\n\n<p>Actualmente los imputados son: V\u00edctor Sotacuro L\u00e1zaro, Milagros Florencia Ib\u00e1\u00f1ez, Maximiliano Andr\u00e9s Parra, Iara Daniela Ibarra, Miguel \u00c1ngel Villanueva Silva, Mat\u00edas Agust\u00edn Ozorio, M\u00f3nica D\u00e9bora Mujica, Celeste Magal\u00ed Gonz\u00e1lez Guerrero, Ariel Jerem\u00edas Alexis Gim\u00e9nez y Bernab\u00e9 Jes\u00fas Mall\u00f3n.<\/p>\n\n\n\n<p>Mientras que Joseph Freyser Cubas Zavaleta fue liberado por falta de m\u00e9rito.<\/p>\n\n\n\n<p>Aun as\u00ed, las autoridades indicaron que todav\u00eda existen otros intervinientes que a\u00fan no fueron plenamente identificados.<\/p>\n\n\n\n<p>El expediente investiga un triple homicidio agravado precedido por secuestro coactivo, cometido en el marco de una represalia narco, con participaci\u00f3n de al menos once personas imputadas y con una hip\u00f3tesis central de actuaci\u00f3n coordinada para captar, retener, torturar y matar a las tres v\u00edctimas.<\/p>\n","protected":false},"excerpt":{"rendered":"<p>Nuevos detalles se conocen sobre c\u00f3mo va a ser la extradici\u00f3n de Tony Janzen Valverde&#8230;<\/p>\n","protected":false},"author":2,"featured_media":16586,"comment_status":"open","ping_status":"open","sticky":false,"template":"","format":"standard","meta":{"_jetpack_memberships_contains_paid_content":false,"footnotes":""},"categories":[3871,3976],"tags":[26,3874],"class_list":["post-16585","post","type-post","status-publish","format-standard","has-post-thumbnail","hentry","category-florencio-varela-2","category-policiales","tag-florencio-varela","tag-triple-crimen-2"],"jetpack_featured_media_url":"https:\/\/i0.wp.com\/realidadsur.com.ar\/wp-content\/uploads\/2026\/05\/Pequeno-J-fue-detenido-en-Peru.webp?fit=540%2C720&ssl=1","jetpack_sharing_enabled":true,"_links":{"self":[{"href":"https:\/\/realidadsur.com.ar\/index.php?rest_route=\/wp\/v2\/posts\/16585","targetHints":{"allow":["GET"]}}],"collection":[{"href":"https:\/\/realidadsur.com.ar\/index.php?rest_route=\/wp\/v2\/posts"}],"about":[{"href":"https:\/\/realidadsur.com.ar\/index.php?rest_route=\/wp\/v2\/types\/post"}],"author":[{"embeddable":true,"href":"https:\/\/realidadsur.com.ar\/index.php?rest_route=\/wp\/v2\/users\/2"}],"replies":[{"embeddable":true,"href":"https:\/\/realidadsur.com.ar\/index.php?rest_route=%2Fwp%2Fv2%2Fcomments&post=16585"}],"version-history":[{"count":1,"href":"https:\/\/realidadsur.com.ar\/index.php?rest_route=\/wp\/v2\/posts\/16585\/revisions"}],"predecessor-version":[{"id":16587,"href":"https:\/\/realidadsur.com.ar\/index.php?rest_route=\/wp\/v2\/posts\/16585\/revisions\/16587"}],"wp:featuredmedia":[{"embeddable":true,"href":"https:\/\/realidadsur.com.ar\/index.php?rest_route=\/wp\/v2\/media\/16586"}],"wp:attachment":[{"href":"https:\/\/realidadsur.com.ar\/index.php?rest_route=%2Fwp%2Fv2%2Fmedia&parent=16585"}],"wp:term":[{"taxonomy":"category","embeddable":true,"href":"https:\/\/realidadsur.com.ar\/index.php?rest_route=%2Fwp%2Fv2%2Fcategories&post=16585"},{"taxonomy":"post_tag","embeddable":true,"href":"https:\/\/realidadsur.com.ar\/index.php?rest_route=%2Fwp%2Fv2%2Ftags&post=16585"}],"curies":[{"name":"wp","href":"https:\/\/api.w.org\/{rel}","templated":true}]}}