{"id":1746,"date":"2023-11-03T15:55:23","date_gmt":"2023-11-03T18:55:23","guid":{"rendered":"https:\/\/realidadsur.com.ar\/?p=1746"},"modified":"2023-11-03T15:55:25","modified_gmt":"2023-11-03T18:55:25","slug":"avellaneda-detienen-a-un-oficial-acusado-de-vender-drogas-y-alertar-a-bandas-narco","status":"publish","type":"post","link":"https:\/\/realidadsur.com.ar\/?p=1746","title":{"rendered":"AVELLANEDA: DETIENEN A UN OFICIAL ACUSADO DE VENDER DROGAS Y ALERTAR A BANDAS NARCO"},"content":{"rendered":"\n<p>Un polic\u00eda bonaerense fue detenido en las \u00faltimas horas acusado de vender drogas al menudeo y de alertar a los miembros de una banda sobre posibles allanamientos antidrogas en Avellaneda, informaron hoy fuentes policiales.<\/p>\n\n\n\n<p>Se trata de un subinspector que hasta ayer cumpl\u00eda funciones en la comisar\u00eda 6ta. de Gerli, Avellaneda, donde fue apresado por personal de Asuntos Internos, que en paralelo a la causa penal le iniciaron un sumario.<\/p>\n\n\n\n<p>El procedimiento de detenci\u00f3n fue notificado al jefe de la dependencia en su propio despacho, hasta el cual llevaron al polic\u00eda para comunicarle su detenci\u00f3n en el marco de la causa por &#8220;tenencia de estupefacientes con fines de comercializaci\u00f3n agravada por la intervenci\u00f3n de tres o m\u00e1s personas organizadas para cometerlo, por su comisi\u00f3n por ser funcionario p\u00fablico encargado de la prevenci\u00f3n o persuasi\u00f3n de los delitos previstos en la ley 23.737, en concurso ideal con cohecho e incumplimiento de los deberes de funcionario p\u00fablico&#8221;.<\/p>\n\n\n\n<p>Inmediatamente, al detenido se le retir\u00f3 su arma reglamentaria, su credencial y su placa de identificaci\u00f3n, tras lo cual qued\u00f3 a disposici\u00f3n de la Unidad Funcional de Instrucci\u00f3n (UFI) 1 descentralizada de Florencio Varela, que tiene a su cargo la causa en la que se lo imputa.<\/p>\n\n\n\n<p>La sospecha de los investigadores judiciales es que el polic\u00eda adem\u00e1s de comercializar drogas al menudeo pertenec\u00eda a una red narco que opera en la zona sur del conurbano.<\/p>\n\n\n\n<p>En el marco de esa pesquisa, y durante un operativo realizado en septiembre \u00faltimo, cuando la polic\u00eda estaba por hacer un allanamiento en Florencio Varela se produjo un enfrentamiento armado en el que result\u00f3 herido un efectivo policial.<\/p>\n\n\n\n<p>&#8220;Tras la investigaci\u00f3n se pudo saber que los narco ten\u00edan a alguien que les dec\u00eda d\u00f3nde y c\u00f3mo operar no para no ser detenidos. En pocas palabras, les liberaba la zona para la venta de drogas&#8221;, cont\u00f3 a T\u00e9lam una fuente ligada a la causa.<\/p>\n","protected":false},"excerpt":{"rendered":"<p>Un polic\u00eda bonaerense fue detenido en las \u00faltimas horas acusado de vender drogas al menudeo&#8230;<\/p>\n","protected":false},"author":2,"featured_media":1716,"comment_status":"open","ping_status":"open","sticky":false,"template":"","format":"standard","meta":{"_jetpack_memberships_contains_paid_content":false,"footnotes":""},"categories":[450,7],"tags":[29,651,652],"class_list":["post-1746","post","type-post","status-publish","format-standard","has-post-thumbnail","hentry","category-avellaneda","category-florencio-varela","tag-avellaneda","tag-gerli","tag-narcopolicia"],"jetpack_featured_media_url":"https:\/\/i0.wp.com\/realidadsur.com.ar\/wp-content\/uploads\/2023\/11\/image.png?fit=640%2C372&ssl=1","jetpack_sharing_enabled":true,"_links":{"self":[{"href":"https:\/\/realidadsur.com.ar\/index.php?rest_route=\/wp\/v2\/posts\/1746","targetHints":{"allow":["GET"]}}],"collection":[{"href":"https:\/\/realidadsur.com.ar\/index.php?rest_route=\/wp\/v2\/posts"}],"about":[{"href":"https:\/\/realidadsur.com.ar\/index.php?rest_route=\/wp\/v2\/types\/post"}],"author":[{"embeddable":true,"href":"https:\/\/realidadsur.com.ar\/index.php?rest_route=\/wp\/v2\/users\/2"}],"replies":[{"embeddable":true,"href":"https:\/\/realidadsur.com.ar\/index.php?rest_route=%2Fwp%2Fv2%2Fcomments&post=1746"}],"version-history":[{"count":1,"href":"https:\/\/realidadsur.com.ar\/index.php?rest_route=\/wp\/v2\/posts\/1746\/revisions"}],"predecessor-version":[{"id":1747,"href":"https:\/\/realidadsur.com.ar\/index.php?rest_route=\/wp\/v2\/posts\/1746\/revisions\/1747"}],"wp:featuredmedia":[{"embeddable":true,"href":"https:\/\/realidadsur.com.ar\/index.php?rest_route=\/wp\/v2\/media\/1716"}],"wp:attachment":[{"href":"https:\/\/realidadsur.com.ar\/index.php?rest_route=%2Fwp%2Fv2%2Fmedia&parent=1746"}],"wp:term":[{"taxonomy":"category","embeddable":true,"href":"https:\/\/realidadsur.com.ar\/index.php?rest_route=%2Fwp%2Fv2%2Fcategories&post=1746"},{"taxonomy":"post_tag","embeddable":true,"href":"https:\/\/realidadsur.com.ar\/index.php?rest_route=%2Fwp%2Fv2%2Ftags&post=1746"}],"curies":[{"name":"wp","href":"https:\/\/api.w.org\/{rel}","templated":true}]}}