{"id":18108,"date":"2026-08-31T16:14:53","date_gmt":"2026-08-31T19:14:53","guid":{"rendered":"https:\/\/realidadsur.com.ar\/?p=18108"},"modified":"2026-08-31T16:14:54","modified_gmt":"2026-08-31T19:14:54","slug":"murio-miguel-zabaleta-lider-de-sueter","status":"publish","type":"post","link":"https:\/\/realidadsur.com.ar\/?p=18108","title":{"rendered":"MURI\u00d3 MIGUEL ZABALETA, L\u00cdDER DE &#8220;SUETER&#8221;"},"content":{"rendered":"\n<p>Muri\u00f3 Miguel Zavaleta, cantante, compositor y l\u00edder hist\u00f3rico de Su\u00e9ter, a los 71 a\u00f1os, tras luchar contra un c\u00e1ncer, seg\u00fan confirm\u00f3 el c\u00edrculo \u00edntimo del m\u00fasico que dej\u00f3 una marca singular en el rock argentino durante la d\u00e9cada de 1980.<\/p>\n\n\n\n<p>Zavaleta fue la voz y una de las principales figuras de la mencionada banda con la que construy\u00f3 cl\u00e1sicos como \u201cAmanece en la ruta\u201d, \u201cV\u00eda M\u00e9xico\u201d, \u201c\u00c9l anda diciendo\u201d y \u201cExtra\u00f1o ser\u201d, adem\u00e1s de desarrollar una extensa trayectoria como m\u00fasico y compositor en distintos proyectos.<\/p>\n\n\n\n<p>La historia de Sueter estuvo marcada por distintas separaciones y regresos, aunque Zavaleta permaneci\u00f3 como su principal referente. Despu\u00e9s de la disoluci\u00f3n de 1989, tambi\u00e9n desarroll\u00f3 proyectos propios y particip\u00f3 en colaboraciones con m\u00fasicos de distintas generaciones, antes de continuar su camino como solista.<\/p>\n\n\n\n<p>En ese per\u00edodo lleg\u00f3 a registrar dos discos, uno de ellos producido por Pedro Aznar, aunque el material permaneci\u00f3 in\u00e9dito durante a\u00f1os hasta 2011, cuando finalmente vio la luz &#8220;No lo s\u00e9, suerte quiz\u00e1s&#8221;. La falta de respuestas de la industria lo llev\u00f3 a alejarse de la m\u00fasica durante un tiempo, aunque particip\u00f3 en trabajos de artistas como Man Ray, Los Aut\u00e9nticos Decadentes, Los Pericos, Bersuit Vergarabat y Mariano Mores.<\/p>\n\n\n\n<p>Zavaleta volvi\u00f3 a poner a Su\u00e9ter en el centro de su carrera durante los a\u00f1os 90 y en 1995 public\u00f3 \u201cSu\u00e9ter 5\u201d, producido junto a Andr\u00e9s Calamaro, que adem\u00e1s particip\u00f3 en una nueva versi\u00f3n de \u201cExtra\u00f1o ser\u201d. El \u00e1lbum tuvo tambi\u00e9n un componente personal y social: el artista explic\u00f3 que estaba dedicado a las personas seropositivas y que \u201cDesvanecidos\u201d estaba vinculada con amigos que hab\u00edan muerto a causa del sida.<\/p>\n\n\n\n<p>En paralelo, el m\u00fasico mantuvo durante d\u00e9cadas una actividad intermitente hasta retomar Su\u00e9ter junto a Jorge Minissale en 2023, despu\u00e9s de 16 a\u00f1os desde la \u00faltima separaci\u00f3n. Para el regreso de 2024 public\u00f3, el trabajao cont\u00f3 con nuevas versiones de sus canciones junto a m\u00fasicos invitados.<\/p>\n\n\n\n<p>En los \u00faltimos a\u00f1os, adem\u00e1s, volvi\u00f3 a vincularse activamente con el repertorio de la agrupaci\u00f3n. La banda retom\u00f3 los escenarios en 2023 y en 2024 public\u00f3 \u201cLa Reserva Moral de Occidente\u201d, un trabajo con nuevas versiones de sus canciones junto a artistas invitados como Nahuel Pennisi, Rub\u00e9n Rada, Hilda Lizarazu, Juli\u00e1n Kartun, Marcelo Moura, Leo Garc\u00eda, Juan \u201cPollo\u201d Raffo, Javier Malosetti, Daniel Melingo y M\u00eda Folino.<\/p>\n","protected":false},"excerpt":{"rendered":"<p>Muri\u00f3 Miguel Zavaleta, cantante, compositor y l\u00edder hist\u00f3rico de Su\u00e9ter, a los 71 a\u00f1os, tras&#8230;<\/p>\n","protected":false},"author":2,"featured_media":18109,"comment_status":"open","ping_status":"open","sticky":false,"template":"","format":"standard","meta":{"_jetpack_memberships_contains_paid_content":false,"footnotes":""},"categories":[3979],"tags":[4477,4478],"class_list":["post-18108","post","type-post","status-publish","format-standard","has-post-thumbnail","hentry","category-espectaculos","tag-miguel-zabaleta","tag-sueter"],"jetpack_featured_media_url":"https:\/\/i0.wp.com\/realidadsur.com.ar\/wp-content\/uploads\/2026\/08\/Murio-Zabaleta.jpg?fit=500%2C375&ssl=1","jetpack_sharing_enabled":true,"_links":{"self":[{"href":"https:\/\/realidadsur.com.ar\/index.php?rest_route=\/wp\/v2\/posts\/18108","targetHints":{"allow":["GET"]}}],"collection":[{"href":"https:\/\/realidadsur.com.ar\/index.php?rest_route=\/wp\/v2\/posts"}],"about":[{"href":"https:\/\/realidadsur.com.ar\/index.php?rest_route=\/wp\/v2\/types\/post"}],"author":[{"embeddable":true,"href":"https:\/\/realidadsur.com.ar\/index.php?rest_route=\/wp\/v2\/users\/2"}],"replies":[{"embeddable":true,"href":"https:\/\/realidadsur.com.ar\/index.php?rest_route=%2Fwp%2Fv2%2Fcomments&post=18108"}],"version-history":[{"count":1,"href":"https:\/\/realidadsur.com.ar\/index.php?rest_route=\/wp\/v2\/posts\/18108\/revisions"}],"predecessor-version":[{"id":18110,"href":"https:\/\/realidadsur.com.ar\/index.php?rest_route=\/wp\/v2\/posts\/18108\/revisions\/18110"}],"wp:featuredmedia":[{"embeddable":true,"href":"https:\/\/realidadsur.com.ar\/index.php?rest_route=\/wp\/v2\/media\/18109"}],"wp:attachment":[{"href":"https:\/\/realidadsur.com.ar\/index.php?rest_route=%2Fwp%2Fv2%2Fmedia&parent=18108"}],"wp:term":[{"taxonomy":"category","embeddable":true,"href":"https:\/\/realidadsur.com.ar\/index.php?rest_route=%2Fwp%2Fv2%2Fcategories&post=18108"},{"taxonomy":"post_tag","embeddable":true,"href":"https:\/\/realidadsur.com.ar\/index.php?rest_route=%2Fwp%2Fv2%2Ftags&post=18108"}],"curies":[{"name":"wp","href":"https:\/\/api.w.org\/{rel}","templated":true}]}}