{"id":18111,"date":"2026-08-31T20:55:32","date_gmt":"2026-08-31T23:55:32","guid":{"rendered":"https:\/\/realidadsur.com.ar\/?p=18111"},"modified":"2026-08-31T20:55:34","modified_gmt":"2026-08-31T23:55:34","slug":"carlos-balor-vamos-a-mantener-vivo-el-proyecto-de-juan-jose-mussi","status":"publish","type":"post","link":"https:\/\/realidadsur.com.ar\/?p=18111","title":{"rendered":"CARLOS BALOR: &#8220;VAMOS A MANTENER VIVO EL PROYECTO DE JUAN JOS\u00c9 MUSSI&#8221;"},"content":{"rendered":"\n<p>El intendente Carlos Balor comparti\u00f3 un c\u00e1lido encuentro con los vecinos y vecinas de la Sociedad de Fomento Barrio Jacarand\u00e1 (calle 160 e\/ 23 y 24), una de las instituciones pioneras del distrito, que particip\u00f3 en la Comisi\u00f3n Pro Autonom\u00eda de Berazategui. All\u00ed, dialog\u00f3 con integrantes de la Comisi\u00f3n Directiva y representantes de instituciones y organizaciones de la zona, sobre los proyectos e inquietudes de la comunidad local.<br><br>\u201cQuer\u00eda tener un mano a mano con mis vecinas y vecinos. Vamos a transitar el mismo camino que ven\u00eda haciendo el Dr. Juan Jos\u00e9 Mussi, con el mismo trabajo. El camino es ese y no lo vamos a desviar. Hoy estamos ac\u00e1 para darles una mano en lo que necesiten; vamos a trabajar juntos por el barrio. Le agradecemos a las docentes, a los chicos de la Cooperativa y a toda la comunidad de Jacarand\u00e1, por estar en esta reuni\u00f3n. Vamos a defender el legado de Mussi, para mantener vivo su proyecto y continuar el desarrollo de Berazategui. Sigan confiando en nosotros; no les vamos a fallar&#8221;, afirm\u00f3 el intendente Carlos Balor.<br><br>A su vez, el presidente de la Sociedad de Fomento Barrio Jacarand\u00e1, Daniel Di Meglio, afirm\u00f3: \u201cAgradezco a los vecinos y vecinas que hoy estuvieron presentes. El intendente Carlos Balor nos visit\u00f3, pudimos conversar con \u00e9l y compartir unos mates. Estamos muy agradecidos. Siempre acompa\u00f1amos a Juan Jos\u00e9 Mussi; y hoy Carlos Balor sigue con el mismo proyecto y apoyamos su gesti\u00f3n\u201d.<\/p>\n","protected":false},"excerpt":{"rendered":"<p>El intendente Carlos Balor comparti\u00f3 un c\u00e1lido encuentro con los vecinos y vecinas de la&#8230;<\/p>\n","protected":false},"author":2,"featured_media":18112,"comment_status":"open","ping_status":"open","sticky":false,"template":"","format":"standard","meta":{"_jetpack_memberships_contains_paid_content":false,"footnotes":""},"categories":[6],"tags":[11,2476,9],"class_list":["post-18111","post","type-post","status-publish","format-standard","has-post-thumbnail","hentry","category-berazategui","tag-berazategui","tag-carlos-balor","tag-juan-jose-mussi"],"jetpack_featured_media_url":"https:\/\/i0.wp.com\/realidadsur.com.ar\/wp-content\/uploads\/2026\/08\/Carlos-Balor-Vamos-a-mantener-vivo-el-proyecto-de-Juan-Jose-Mussi-y-continuar-el-desarrollo-de-Berazategui-1.jpg?fit=1920%2C1280&ssl=1","jetpack_sharing_enabled":true,"_links":{"self":[{"href":"https:\/\/realidadsur.com.ar\/index.php?rest_route=\/wp\/v2\/posts\/18111","targetHints":{"allow":["GET"]}}],"collection":[{"href":"https:\/\/realidadsur.com.ar\/index.php?rest_route=\/wp\/v2\/posts"}],"about":[{"href":"https:\/\/realidadsur.com.ar\/index.php?rest_route=\/wp\/v2\/types\/post"}],"author":[{"embeddable":true,"href":"https:\/\/realidadsur.com.ar\/index.php?rest_route=\/wp\/v2\/users\/2"}],"replies":[{"embeddable":true,"href":"https:\/\/realidadsur.com.ar\/index.php?rest_route=%2Fwp%2Fv2%2Fcomments&post=18111"}],"version-history":[{"count":2,"href":"https:\/\/realidadsur.com.ar\/index.php?rest_route=\/wp\/v2\/posts\/18111\/revisions"}],"predecessor-version":[{"id":18114,"href":"https:\/\/realidadsur.com.ar\/index.php?rest_route=\/wp\/v2\/posts\/18111\/revisions\/18114"}],"wp:featuredmedia":[{"embeddable":true,"href":"https:\/\/realidadsur.com.ar\/index.php?rest_route=\/wp\/v2\/media\/18112"}],"wp:attachment":[{"href":"https:\/\/realidadsur.com.ar\/index.php?rest_route=%2Fwp%2Fv2%2Fmedia&parent=18111"}],"wp:term":[{"taxonomy":"category","embeddable":true,"href":"https:\/\/realidadsur.com.ar\/index.php?rest_route=%2Fwp%2Fv2%2Fcategories&post=18111"},{"taxonomy":"post_tag","embeddable":true,"href":"https:\/\/realidadsur.com.ar\/index.php?rest_route=%2Fwp%2Fv2%2Ftags&post=18111"}],"curies":[{"name":"wp","href":"https:\/\/api.w.org\/{rel}","templated":true}]}}