{"id":18123,"date":"2026-09-01T18:29:35","date_gmt":"2026-09-01T21:29:35","guid":{"rendered":"https:\/\/realidadsur.com.ar\/?p=18123"},"modified":"2026-09-01T18:29:39","modified_gmt":"2026-09-01T21:29:39","slug":"horror-en-lanus-manipulaba-un-arma-y-mato-accidentalmente-a-su-sobrina","status":"publish","type":"post","link":"https:\/\/realidadsur.com.ar\/?p=18123","title":{"rendered":"HORROR EN LAN\u00daS: MANIPULABA UN ARMA Y MAT\u00d3 ACCIDENTALMENTE A SU SOBRINA"},"content":{"rendered":"\n<p>Un joven fue detenido en Lan\u00fas acusado de matar a su sobrina de 11 meses y herir de gravedad a su cu\u00f1ada mientras, presuntamente, manipulaba un arma.<\/p>\n\n\n\n<p>El hecho tuvo lugar en una vivienda ubicada en la calle San Judas en Villa Diamante, Lan\u00fas, cuando personal policial fue alertado por una joven y una beb\u00e9 que se encontraban heridas por el impacto de una bala.<\/p>\n\n\n\n<p>De manera inmediata, personal del SAME traslad\u00f3 a la menor, identificada como Ainoha Cataleya Alderete Torales, de 11 meses, quien presentaba una herida en el abdomen del lado izquierdo con salida en muslo y pierna derecha. Pese al r\u00e1pido accionar, m\u00e9dicos del Hospital Evita de Lan\u00fas confirmaron que la menor falleci\u00f3.<\/p>\n\n\n\n<p>Al mismo lugar fue derivada Micaela Victoria Torales, de 18 a\u00f1os y madre de la v\u00edctima, quien presentaba una herida por la espalda con salida, por lo que debi\u00f3 ingresar al quir\u00f3fano con riesgo de vida.<\/p>\n\n\n\n<p>Ante el escenario presentado, se orden\u00f3 la detenci\u00f3n y traslado a la Comisar\u00eda 5ta de dicho partido bonaerense de Emanuel Agust\u00edn Barrios, de 22 a\u00f1os. Se supo que el acusado resulta ser el hermano de Esteban Gabriel Alderete, de 18, progenitor de la menor fallecida.<\/p>\n\n\n\n<p>Los investigadores se\u00f1alan a Barrios como quien efectu\u00f3 el disparo mientras manipulaba un arma de fuego del tipo pistola.<\/p>\n\n\n\n<p>Se preserv\u00f3 el lugar del hecho, se realizaron las pericias correspondientes y se caratul\u00f3 el caso como homicidio agravado por el uso de arma en un hecho consumado y homicidio agravado en grado de tentativa.<\/p>\n","protected":false},"excerpt":{"rendered":"<p>Un joven fue detenido en Lan\u00fas acusado de matar a su sobrina de 11 meses&#8230;<\/p>\n","protected":false},"author":2,"featured_media":18124,"comment_status":"open","ping_status":"open","sticky":false,"template":"","format":"standard","meta":{"_jetpack_memberships_contains_paid_content":false,"footnotes":""},"categories":[876,3976],"tags":[4479],"class_list":["post-18123","post","type-post","status-publish","format-standard","has-post-thumbnail","hentry","category-lanus","category-policiales","tag-villa-diamante"],"jetpack_featured_media_url":"https:\/\/realidadsur.com.ar\/wp-content\/uploads\/2026\/09\/Horror-e1788298135290.avif","jetpack_sharing_enabled":true,"_links":{"self":[{"href":"https:\/\/realidadsur.com.ar\/index.php?rest_route=\/wp\/v2\/posts\/18123","targetHints":{"allow":["GET"]}}],"collection":[{"href":"https:\/\/realidadsur.com.ar\/index.php?rest_route=\/wp\/v2\/posts"}],"about":[{"href":"https:\/\/realidadsur.com.ar\/index.php?rest_route=\/wp\/v2\/types\/post"}],"author":[{"embeddable":true,"href":"https:\/\/realidadsur.com.ar\/index.php?rest_route=\/wp\/v2\/users\/2"}],"replies":[{"embeddable":true,"href":"https:\/\/realidadsur.com.ar\/index.php?rest_route=%2Fwp%2Fv2%2Fcomments&post=18123"}],"version-history":[{"count":1,"href":"https:\/\/realidadsur.com.ar\/index.php?rest_route=\/wp\/v2\/posts\/18123\/revisions"}],"predecessor-version":[{"id":18125,"href":"https:\/\/realidadsur.com.ar\/index.php?rest_route=\/wp\/v2\/posts\/18123\/revisions\/18125"}],"wp:featuredmedia":[{"embeddable":true,"href":"https:\/\/realidadsur.com.ar\/index.php?rest_route=\/wp\/v2\/media\/18124"}],"wp:attachment":[{"href":"https:\/\/realidadsur.com.ar\/index.php?rest_route=%2Fwp%2Fv2%2Fmedia&parent=18123"}],"wp:term":[{"taxonomy":"category","embeddable":true,"href":"https:\/\/realidadsur.com.ar\/index.php?rest_route=%2Fwp%2Fv2%2Fcategories&post=18123"},{"taxonomy":"post_tag","embeddable":true,"href":"https:\/\/realidadsur.com.ar\/index.php?rest_route=%2Fwp%2Fv2%2Ftags&post=18123"}],"curies":[{"name":"wp","href":"https:\/\/api.w.org\/{rel}","templated":true}]}}