{"id":18135,"date":"2026-09-02T18:55:07","date_gmt":"2026-09-02T21:55:07","guid":{"rendered":"https:\/\/realidadsur.com.ar\/?p=18135"},"modified":"2026-09-02T18:55:09","modified_gmt":"2026-09-02T21:55:09","slug":"visita-papal-la-delegacion-del-vaticano-visito-el-cottolengo-don-orione-de-claypole","status":"publish","type":"post","link":"https:\/\/realidadsur.com.ar\/?p=18135","title":{"rendered":"VISITA PAPAL: LA DELEGACI\u00d3N DEL VATICANO VISIT\u00d3 EL COTTOLENGO DON ORIONE DE CLAYPOLE"},"content":{"rendered":"\n<p>En la previa a la visita del Papa Le\u00f3n XIV a la Argentina, la delegaci\u00f3n del Vaticano estuvo este mi\u00e9rcoles en la bas\u00edlica de Luj\u00e1n y en el Cottolengo Don Orione: los dos puntos de la provincia de Buenos Aires que el Sumo Pontifice recorrer\u00e1 entre el 8 y el 11 de noviembre durante su estad\u00eda en nuestro pa\u00eds.<\/p>\n\n\n\n<p>La Bas\u00edlica de Luj\u00e1n fue confirmada por el presidente del Episcopado, Marcelo Colombo, como una de las sedes en las que la m\u00e1xima autoridad de la Iglesia Cat\u00f3lica dar\u00e1 una de las tres misas: las otras dos ser\u00e1n una en Buenos Aires y otra en C\u00f3rdoba.<\/p>\n\n\n\n<p>Previo a Lujan, la delegaci\u00f3n visit\u00f3 el Cottolengo Don Orione, lugar que seg\u00fan las autoridades eclesi\u00e1sticas, suena como &#8220;una posibilidad muy fuerte&#8221; para que el Papa realice una de las dos actividades referidas a cuestiones de vulnerabilidad.<\/p>\n","protected":false},"excerpt":{"rendered":"<p>En la previa a la visita del Papa Le\u00f3n XIV a la Argentina, la delegaci\u00f3n&#8230;<\/p>\n","protected":false},"author":2,"featured_media":18136,"comment_status":"open","ping_status":"open","sticky":false,"template":"","format":"standard","meta":{"_jetpack_memberships_contains_paid_content":false,"footnotes":""},"categories":[4480,8],"tags":[4481,3452],"class_list":["post-18135","post","type-post","status-publish","format-standard","has-post-thumbnail","hentry","category-almirante-brown","category-interes-general","tag-don-orione","tag-papa-leon-xiv"],"jetpack_featured_media_url":"https:\/\/i0.wp.com\/realidadsur.com.ar\/wp-content\/uploads\/2026\/09\/Papa-Leon-XIV.jpeg?fit=750%2C422&ssl=1","jetpack_sharing_enabled":true,"_links":{"self":[{"href":"https:\/\/realidadsur.com.ar\/index.php?rest_route=\/wp\/v2\/posts\/18135","targetHints":{"allow":["GET"]}}],"collection":[{"href":"https:\/\/realidadsur.com.ar\/index.php?rest_route=\/wp\/v2\/posts"}],"about":[{"href":"https:\/\/realidadsur.com.ar\/index.php?rest_route=\/wp\/v2\/types\/post"}],"author":[{"embeddable":true,"href":"https:\/\/realidadsur.com.ar\/index.php?rest_route=\/wp\/v2\/users\/2"}],"replies":[{"embeddable":true,"href":"https:\/\/realidadsur.com.ar\/index.php?rest_route=%2Fwp%2Fv2%2Fcomments&post=18135"}],"version-history":[{"count":1,"href":"https:\/\/realidadsur.com.ar\/index.php?rest_route=\/wp\/v2\/posts\/18135\/revisions"}],"predecessor-version":[{"id":18137,"href":"https:\/\/realidadsur.com.ar\/index.php?rest_route=\/wp\/v2\/posts\/18135\/revisions\/18137"}],"wp:featuredmedia":[{"embeddable":true,"href":"https:\/\/realidadsur.com.ar\/index.php?rest_route=\/wp\/v2\/media\/18136"}],"wp:attachment":[{"href":"https:\/\/realidadsur.com.ar\/index.php?rest_route=%2Fwp%2Fv2%2Fmedia&parent=18135"}],"wp:term":[{"taxonomy":"category","embeddable":true,"href":"https:\/\/realidadsur.com.ar\/index.php?rest_route=%2Fwp%2Fv2%2Fcategories&post=18135"},{"taxonomy":"post_tag","embeddable":true,"href":"https:\/\/realidadsur.com.ar\/index.php?rest_route=%2Fwp%2Fv2%2Ftags&post=18135"}],"curies":[{"name":"wp","href":"https:\/\/api.w.org\/{rel}","templated":true}]}}