{"id":18140,"date":"2026-09-03T15:28:22","date_gmt":"2026-09-03T18:28:22","guid":{"rendered":"https:\/\/realidadsur.com.ar\/?p=18140"},"modified":"2026-09-03T15:28:25","modified_gmt":"2026-09-03T18:28:25","slug":"esta-claro-que-nunca-nuestro-modelo-funciono-el-furcio-de-milei-en-chile","status":"publish","type":"post","link":"https:\/\/realidadsur.com.ar\/?p=18140","title":{"rendered":"&#8220;EST\u00c1 CLARO QUE NUNCA NUESTRO MODELO FUNCION\u00d3&#8221;, EL FURCIO DE MILEI EN CHILE"},"content":{"rendered":"\n<p>El presidente Javier Milei cometi\u00f3 un furcio durante su exposici\u00f3n en el Foro de Madrid, que se celebra en Santiago de Chile.<\/p>\n\n\n\n<p>\u201cEst\u00e1 claro que nunca nuestro modelo funcion\u00f3\u201d, expres\u00f3 el mandatario argentino, aunque se corrigi\u00f3 de inmediato al afirmar que \u201cest\u00e1 claro que nuestro modelo funciona y que vamos por el rumbo correcto\u201d.<\/p>\n\n\n\n<p>Durante su discurso, Milei, adem\u00e1s, apunt\u00f3 contra el periodismo argentino al se\u00f1alar que \u201cresulta bastante curioso porque a veces en la Argentina uno prende el televisor y pareciera que en el pa\u00eds est\u00e1 todo mal\u201d.<\/p>\n\n\n\n<p>La presentaci\u00f3n del mandatario en el encuentro en la capital chilena incluy\u00f3 duras descalificaciones contra su par espa\u00f1ol, Pedro S\u00e1nchez, reproches a Mauricio Macri por \u201cdejarse correr\u201d durante su gesti\u00f3n y una reivindicaci\u00f3n expl\u00edcita del derrocamiento de Salvador Allende en Chile.<\/p>\n","protected":false},"excerpt":{"rendered":"<p>El presidente Javier Milei cometi\u00f3 un furcio durante su exposici\u00f3n en el Foro de Madrid,&#8230;<\/p>\n","protected":false},"author":2,"featured_media":18141,"comment_status":"open","ping_status":"open","sticky":false,"template":"","format":"standard","meta":{"_jetpack_memberships_contains_paid_content":false,"footnotes":""},"categories":[3,3978],"tags":[200],"class_list":["post-18140","post","type-post","status-publish","format-standard","has-post-thumbnail","hentry","category-nacion","category-politica","tag-javier-milei"],"jetpack_featured_media_url":"https:\/\/i0.wp.com\/realidadsur.com.ar\/wp-content\/uploads\/2026\/09\/Milei-en-Chile.jpg?fit=1200%2C674&ssl=1","jetpack_sharing_enabled":true,"_links":{"self":[{"href":"https:\/\/realidadsur.com.ar\/index.php?rest_route=\/wp\/v2\/posts\/18140","targetHints":{"allow":["GET"]}}],"collection":[{"href":"https:\/\/realidadsur.com.ar\/index.php?rest_route=\/wp\/v2\/posts"}],"about":[{"href":"https:\/\/realidadsur.com.ar\/index.php?rest_route=\/wp\/v2\/types\/post"}],"author":[{"embeddable":true,"href":"https:\/\/realidadsur.com.ar\/index.php?rest_route=\/wp\/v2\/users\/2"}],"replies":[{"embeddable":true,"href":"https:\/\/realidadsur.com.ar\/index.php?rest_route=%2Fwp%2Fv2%2Fcomments&post=18140"}],"version-history":[{"count":1,"href":"https:\/\/realidadsur.com.ar\/index.php?rest_route=\/wp\/v2\/posts\/18140\/revisions"}],"predecessor-version":[{"id":18142,"href":"https:\/\/realidadsur.com.ar\/index.php?rest_route=\/wp\/v2\/posts\/18140\/revisions\/18142"}],"wp:featuredmedia":[{"embeddable":true,"href":"https:\/\/realidadsur.com.ar\/index.php?rest_route=\/wp\/v2\/media\/18141"}],"wp:attachment":[{"href":"https:\/\/realidadsur.com.ar\/index.php?rest_route=%2Fwp%2Fv2%2Fmedia&parent=18140"}],"wp:term":[{"taxonomy":"category","embeddable":true,"href":"https:\/\/realidadsur.com.ar\/index.php?rest_route=%2Fwp%2Fv2%2Fcategories&post=18140"},{"taxonomy":"post_tag","embeddable":true,"href":"https:\/\/realidadsur.com.ar\/index.php?rest_route=%2Fwp%2Fv2%2Ftags&post=18140"}],"curies":[{"name":"wp","href":"https:\/\/api.w.org\/{rel}","templated":true}]}}