{"id":18145,"date":"2026-09-03T16:31:48","date_gmt":"2026-09-03T19:31:48","guid":{"rendered":"https:\/\/realidadsur.com.ar\/?p=18145"},"modified":"2026-09-03T16:31:51","modified_gmt":"2026-09-03T19:31:51","slug":"tres-politicos-complicados-por-la-justicia","status":"publish","type":"post","link":"https:\/\/realidadsur.com.ar\/?p=18145","title":{"rendered":"TRES POL\u00cdTICOS COMPLICADOS POR LA JUSTICIA"},"content":{"rendered":"\n<p>Hoy se conoci\u00f3 que un a un ex gobernador le confirmaron una condena de 8 a\u00f1os, a una diputada nacional la embargaron y a un ex asesor lo trasladaron a un penal de m\u00e1xima seguridad.<\/p>\n\n\n\n<p>La Corte Suprema de Justicia de la Naci\u00f3n dej\u00f3 firme la condena a ocho a\u00f1os de prisi\u00f3n contra el ex gobernador de Entre R\u00edos\u00a0Sergio Urribarri\u00a0por los delitos de peculado y negociaciones incompatibles con la funci\u00f3n p\u00fablica, en una causa por el direccionamiento de contrataciones de publicidad oficial.<\/p>\n\n\n\n<figure class=\"wp-block-image size-full is-resized\"><img loading=\"lazy\" decoding=\"async\" width=\"960\" height=\"484\" src=\"https:\/\/realidadsur.com.ar\/wp-content\/uploads\/2026\/09\/Sergio-Uribarri.avif\" alt=\"\" class=\"wp-image-18146\" style=\"width:460px;height:auto\" srcset=\"https:\/\/realidadsur.com.ar\/wp-content\/uploads\/2026\/09\/Sergio-Uribarri.avif 960w, https:\/\/realidadsur.com.ar\/wp-content\/uploads\/2026\/09\/Sergio-Uribarri-300x151.avif 300w, https:\/\/realidadsur.com.ar\/wp-content\/uploads\/2026\/09\/Sergio-Uribarri-768x387.avif 768w\" sizes=\"auto, (max-width: 640px) 100vw, 640px\" \/><\/figure>\n\n\n\n<p>En tanto que, la\u00a0Justicia de R\u00edo Negro\u00a0autoriz\u00f3 un\u00a0embargo preventivo\u00a0contra la\u00a0diputada nacional\u00a0de\u00a0La Libertad Avanza\u00a0(LLA)\u00a0Lorena Villaverde\u00a0por\u00a029.970 d\u00f3lares, a trav\u00e9s de una medida cautelar dispuesta por el\u00a0juez Cristian Tau Anzo\u00e1tegui, titular de la\u00a0Unidad Jurisdiccional N\u00b0 5 de Bariloche.\u00a0<\/p>\n\n\n\n<figure class=\"wp-block-image size-full is-resized\"><img loading=\"lazy\" decoding=\"async\" width=\"720\" height=\"720\" src=\"https:\/\/realidadsur.com.ar\/wp-content\/uploads\/2026\/09\/Cerimedo.avif\" alt=\"\" class=\"wp-image-18147\" style=\"width:400px;height:auto\" srcset=\"https:\/\/realidadsur.com.ar\/wp-content\/uploads\/2026\/09\/Cerimedo.avif 720w, https:\/\/realidadsur.com.ar\/wp-content\/uploads\/2026\/09\/Cerimedo-300x300.avif 300w, https:\/\/realidadsur.com.ar\/wp-content\/uploads\/2026\/09\/Cerimedo-150x150.avif 150w\" sizes=\"auto, (max-width: 640px) 100vw, 640px\" \/><\/figure>\n\n\n\n<p>Por \u00faltimo, el consultor pol\u00edtico\u00a0Fernando Cerimedo ser\u00e1 trasladado a la c\u00e1rcel de Chonchocoro, un penal de \u00a0m\u00e1xima seguridad\u00a0ubicado en La Paz, Bolivia, donde deber\u00e1 cumplir seis meses de prisi\u00f3n preventiva por el delito de enriquecimiento il\u00edcito.<\/p>\n\n\n\n<p><\/p>\n","protected":false},"excerpt":{"rendered":"<p>Hoy se conoci\u00f3 que un a un ex gobernador le confirmaron una condena de 8&#8230;<\/p>\n","protected":false},"author":2,"featured_media":18148,"comment_status":"open","ping_status":"open","sticky":false,"template":"","format":"standard","meta":{"_jetpack_memberships_contains_paid_content":false,"footnotes":""},"categories":[3,3976],"tags":[4442,4484,4485],"class_list":["post-18145","post","type-post","status-publish","format-standard","has-post-thumbnail","hentry","category-nacion","category-policiales","tag-fernando-cerimedo","tag-lorena-villaverde","tag-sergio-uribarri"],"jetpack_featured_media_url":"https:\/\/i0.wp.com\/realidadsur.com.ar\/wp-content\/uploads\/2026\/09\/Lorena-Villaverde.webp?fit=1080%2C720&ssl=1","jetpack_sharing_enabled":true,"_links":{"self":[{"href":"https:\/\/realidadsur.com.ar\/index.php?rest_route=\/wp\/v2\/posts\/18145","targetHints":{"allow":["GET"]}}],"collection":[{"href":"https:\/\/realidadsur.com.ar\/index.php?rest_route=\/wp\/v2\/posts"}],"about":[{"href":"https:\/\/realidadsur.com.ar\/index.php?rest_route=\/wp\/v2\/types\/post"}],"author":[{"embeddable":true,"href":"https:\/\/realidadsur.com.ar\/index.php?rest_route=\/wp\/v2\/users\/2"}],"replies":[{"embeddable":true,"href":"https:\/\/realidadsur.com.ar\/index.php?rest_route=%2Fwp%2Fv2%2Fcomments&post=18145"}],"version-history":[{"count":1,"href":"https:\/\/realidadsur.com.ar\/index.php?rest_route=\/wp\/v2\/posts\/18145\/revisions"}],"predecessor-version":[{"id":18149,"href":"https:\/\/realidadsur.com.ar\/index.php?rest_route=\/wp\/v2\/posts\/18145\/revisions\/18149"}],"wp:featuredmedia":[{"embeddable":true,"href":"https:\/\/realidadsur.com.ar\/index.php?rest_route=\/wp\/v2\/media\/18148"}],"wp:attachment":[{"href":"https:\/\/realidadsur.com.ar\/index.php?rest_route=%2Fwp%2Fv2%2Fmedia&parent=18145"}],"wp:term":[{"taxonomy":"category","embeddable":true,"href":"https:\/\/realidadsur.com.ar\/index.php?rest_route=%2Fwp%2Fv2%2Fcategories&post=18145"},{"taxonomy":"post_tag","embeddable":true,"href":"https:\/\/realidadsur.com.ar\/index.php?rest_route=%2Fwp%2Fv2%2Ftags&post=18145"}],"curies":[{"name":"wp","href":"https:\/\/api.w.org\/{rel}","templated":true}]}}