{"id":18150,"date":"2026-09-03T16:46:30","date_gmt":"2026-09-03T19:46:30","guid":{"rendered":"https:\/\/realidadsur.com.ar\/?p=18150"},"modified":"2026-09-03T16:46:33","modified_gmt":"2026-09-03T19:46:33","slug":"creen-que-el-joven-de-berazategui-buscado-estaria-en-cordoba","status":"publish","type":"post","link":"https:\/\/realidadsur.com.ar\/?p=18150","title":{"rendered":"CREEN QUE EL JOVEN DE BERAZATEGUI BUSCADO ESTAR\u00cdA EN C\u00d3RDOBA"},"content":{"rendered":"\n<p><\/p>\n\n\n\n<p>Una mujer denunci\u00f3 este jueves que\u00a0Mariano Mart\u00ednez, el joven de 21 a\u00f1os que permanece desaparecido desde el lunes cuando se retir\u00f3 de la Universidad Nacional de La Plata y no regres\u00f3 a su hogar en Berazategui,<strong>\u00a0<\/strong>le entreg\u00f3 su curriculum vitae para trabajar en un supermercado de C\u00f3rdoba.<\/p>\n\n\n\n<p>La comerciante se present\u00f3 en una comisar\u00eda para se\u00f1alar que el muchacho concurri\u00f3 a su local el martes, a fin de dejarle un CV con sus datos personales.<\/p>\n\n\n\n<p>Se conoci\u00f3 una imagen de Mart\u00ednez que estar\u00eda en C\u00f3rdoba\u00a0y los padres relataron que la recibieron por parte de los efectivos de la DDI.<\/p>\n\n\n\n<p>Las c\u00e1maras de seguridad de la ciudad de\u00a0Punta Lara\u00a0registraron al joven\u00a0caminando por la zona de la avenida Almirante Brown\u00a0y luego se dirigi\u00f3 hacia una parada de la<strong>\u00a0<\/strong>L\u00ednea 275 de colectivo.<\/p>\n\n\n\n<p>Mientras sub\u00eda a la unidad, cerca de las 14.35,\u00a0le mand\u00f3 un mensaje a su hermano\u00a0en el que le informaba cu\u00e1l era la contrase\u00f1a de su computadora:\u00a0\u201cAh\u00ed dec\u00eda que la clave de la notebook era \u2018paintball\u2019, por cualquier cosa, si necesit\u00e1s\u201d, cont\u00f3 Gustavo, su pap\u00e1.<\/p>\n\n\n\n<p>Ese mensaje llam\u00f3 la atenci\u00f3n de la familia, por lo que intentan determinar si dentro de la computadora hay informaci\u00f3n sobre su paradero.<\/p>\n\n\n\n<p>Se supo, por el seguimiento de las c\u00e1maras, que Mart\u00ednez\u00a0volvi\u00f3 a La Plata, pero se dirigi\u00f3 hasta la\u00a0estaci\u00f3n del Tren Roca con destino a Constituci\u00f3n. Como siempre,\u00a0deb\u00eda bajarse en Berazategui, pero no lo hizo.<\/p>\n","protected":false},"excerpt":{"rendered":"<p>Una mujer denunci\u00f3 este jueves que\u00a0Mariano Mart\u00ednez, el joven de 21 a\u00f1os que permanece desaparecido&#8230;<\/p>\n","protected":false},"author":2,"featured_media":18151,"comment_status":"open","ping_status":"open","sticky":false,"template":"","format":"standard","meta":{"_jetpack_memberships_contains_paid_content":false,"footnotes":""},"categories":[6,8,570],"tags":[11,2126,181,4486],"class_list":["post-18150","post","type-post","status-publish","format-standard","has-post-thumbnail","hentry","category-berazategui","category-interes-general","category-la-plata","tag-berazategui","tag-cordoba","tag-la-plata","tag-mariano-martinez"],"jetpack_featured_media_url":"https:\/\/realidadsur.com.ar\/wp-content\/uploads\/2026\/09\/Mariano-Martinez.avif","jetpack_sharing_enabled":true,"_links":{"self":[{"href":"https:\/\/realidadsur.com.ar\/index.php?rest_route=\/wp\/v2\/posts\/18150","targetHints":{"allow":["GET"]}}],"collection":[{"href":"https:\/\/realidadsur.com.ar\/index.php?rest_route=\/wp\/v2\/posts"}],"about":[{"href":"https:\/\/realidadsur.com.ar\/index.php?rest_route=\/wp\/v2\/types\/post"}],"author":[{"embeddable":true,"href":"https:\/\/realidadsur.com.ar\/index.php?rest_route=\/wp\/v2\/users\/2"}],"replies":[{"embeddable":true,"href":"https:\/\/realidadsur.com.ar\/index.php?rest_route=%2Fwp%2Fv2%2Fcomments&post=18150"}],"version-history":[{"count":1,"href":"https:\/\/realidadsur.com.ar\/index.php?rest_route=\/wp\/v2\/posts\/18150\/revisions"}],"predecessor-version":[{"id":18152,"href":"https:\/\/realidadsur.com.ar\/index.php?rest_route=\/wp\/v2\/posts\/18150\/revisions\/18152"}],"wp:featuredmedia":[{"embeddable":true,"href":"https:\/\/realidadsur.com.ar\/index.php?rest_route=\/wp\/v2\/media\/18151"}],"wp:attachment":[{"href":"https:\/\/realidadsur.com.ar\/index.php?rest_route=%2Fwp%2Fv2%2Fmedia&parent=18150"}],"wp:term":[{"taxonomy":"category","embeddable":true,"href":"https:\/\/realidadsur.com.ar\/index.php?rest_route=%2Fwp%2Fv2%2Fcategories&post=18150"},{"taxonomy":"post_tag","embeddable":true,"href":"https:\/\/realidadsur.com.ar\/index.php?rest_route=%2Fwp%2Fv2%2Ftags&post=18150"}],"curies":[{"name":"wp","href":"https:\/\/api.w.org\/{rel}","templated":true}]}}