{"id":18158,"date":"2026-09-04T14:05:39","date_gmt":"2026-09-04T17:05:39","guid":{"rendered":"https:\/\/realidadsur.com.ar\/?p=18158"},"modified":"2026-09-04T14:05:41","modified_gmt":"2026-09-04T17:05:41","slug":"cancilleria-sera-la-encargada-de-sancionar-actividades-no-autorizadas-en-malvinas","status":"publish","type":"post","link":"https:\/\/realidadsur.com.ar\/?p=18158","title":{"rendered":"CANCILLER\u00cdA SER\u00c1 LA ENCARGADA DE SANCIONAR ACTIVIDADES NO AUTORIZADAS EN MALVINAS"},"content":{"rendered":"\n<p>El Gobierno design\u00f3 a la Canciller\u00eda para que tenga la facultad para sancionar actividades sobre recursos de Malvinas al disponer que sea la autoridad de aplicaci\u00f3n de la Ley 26.659, que prev\u00e9 sanciones para quienes desarrollen o faciliten actividades vinculadas con la exploraci\u00f3n o explotaci\u00f3n de hidrocarburos en la plataforma continental argentina sin autorizaci\u00f3n del pa\u00eds.<\/p>\n\n\n\n<p>Seg\u00fan el Decreto 868\/2026, publicado este viernes en el Bolet\u00edn Oficial, se expresa: \u201cDes\u00edgnase al Ministerio de Relaciones Exteriores, Comercio Internacional y Culto como Autoridad de Aplicaci\u00f3n de la Ley N\u00b0 26.659 y su modificatoria\u201d.<\/p>\n\n\n\n<p>\u201cInstr\u00fayese a todo organismo o entidad de la Administraci\u00f3n P\u00fablica Nacional a que informe a la Autoridad de Aplicaci\u00f3n los hechos de los que tome conocimiento que pudieran configurar alguna de las conductas descriptas en el art\u00edculo 2\u00b0 de la Ley N\u00b0 26.659 y su modificatoria, en el plazo de cinco d\u00edas h\u00e1biles administrativos contados desde dicha toma de conocimiento, sin perjuicio de adoptar las medidas que correspondan en el marco de sus respectivas competencias\u201d, a\u00f1adi\u00f3.<\/p>\n","protected":false},"excerpt":{"rendered":"<p>El Gobierno design\u00f3 a la Canciller\u00eda para que tenga la facultad para sancionar actividades sobre&#8230;<\/p>\n","protected":false},"author":2,"featured_media":18160,"comment_status":"open","ping_status":"open","sticky":false,"template":"","format":"standard","meta":{"_jetpack_memberships_contains_paid_content":false,"footnotes":""},"categories":[3],"tags":[374,200],"class_list":["post-18158","post","type-post","status-publish","format-standard","has-post-thumbnail","hentry","category-nacion","tag-islas-malvinas","tag-javier-milei"],"jetpack_featured_media_url":"https:\/\/i0.wp.com\/realidadsur.com.ar\/wp-content\/uploads\/2026\/09\/Islas-Malvinas-1.jpg?fit=738%2C414&ssl=1","jetpack_sharing_enabled":true,"_links":{"self":[{"href":"https:\/\/realidadsur.com.ar\/index.php?rest_route=\/wp\/v2\/posts\/18158","targetHints":{"allow":["GET"]}}],"collection":[{"href":"https:\/\/realidadsur.com.ar\/index.php?rest_route=\/wp\/v2\/posts"}],"about":[{"href":"https:\/\/realidadsur.com.ar\/index.php?rest_route=\/wp\/v2\/types\/post"}],"author":[{"embeddable":true,"href":"https:\/\/realidadsur.com.ar\/index.php?rest_route=\/wp\/v2\/users\/2"}],"replies":[{"embeddable":true,"href":"https:\/\/realidadsur.com.ar\/index.php?rest_route=%2Fwp%2Fv2%2Fcomments&post=18158"}],"version-history":[{"count":1,"href":"https:\/\/realidadsur.com.ar\/index.php?rest_route=\/wp\/v2\/posts\/18158\/revisions"}],"predecessor-version":[{"id":18161,"href":"https:\/\/realidadsur.com.ar\/index.php?rest_route=\/wp\/v2\/posts\/18158\/revisions\/18161"}],"wp:featuredmedia":[{"embeddable":true,"href":"https:\/\/realidadsur.com.ar\/index.php?rest_route=\/wp\/v2\/media\/18160"}],"wp:attachment":[{"href":"https:\/\/realidadsur.com.ar\/index.php?rest_route=%2Fwp%2Fv2%2Fmedia&parent=18158"}],"wp:term":[{"taxonomy":"category","embeddable":true,"href":"https:\/\/realidadsur.com.ar\/index.php?rest_route=%2Fwp%2Fv2%2Fcategories&post=18158"},{"taxonomy":"post_tag","embeddable":true,"href":"https:\/\/realidadsur.com.ar\/index.php?rest_route=%2Fwp%2Fv2%2Ftags&post=18158"}],"curies":[{"name":"wp","href":"https:\/\/api.w.org\/{rel}","templated":true}]}}