{"id":18162,"date":"2026-09-04T14:13:43","date_gmt":"2026-09-04T17:13:43","guid":{"rendered":"https:\/\/realidadsur.com.ar\/?p=18162"},"modified":"2026-09-04T14:13:45","modified_gmt":"2026-09-04T17:13:45","slug":"la-mama-de-mariano-confirmo-que-el-chico-esta-en-cordoba","status":"publish","type":"post","link":"https:\/\/realidadsur.com.ar\/?p=18162","title":{"rendered":"LA MAM\u00c1 DE MARIANO CONFIRM\u00d3 QUE EL CHICO EST\u00c1 EN C\u00d3RDOBA"},"content":{"rendered":"\n<p>Alicia, la mam\u00e1 de Mariano Mart\u00ednez, el joven de Berazategui y estudiante de la Universidad Nacional de La Plata que es buscado desde el lunes 31 de agosto, confirm\u00f3 que su hijo est\u00e1 en la provincia de C\u00f3rdoba, pero que todav\u00eda las autoridades no lograron ubicarlo.<\/p>\n\n\n\n<p>Mientras contin\u00faa la incertidumbre por saber d\u00f3nde est\u00e1 el joven de 21 a\u00f1os, la mujer expuso ante los medios de comunicaci\u00f3n que identific\u00f3 a su hijo en las diversas im\u00e1genes captadas en comercios de C\u00f3rdoba donde dej\u00f3 CV para trabajar.<\/p>\n\n\n\n<p>La mujer coment\u00f3 que dichas im\u00e1genes la \u201ctranquilizaron enormemente\u201d y que est\u00e1 en di\u00e1logo permanente con funcionarios de la provincia acerca de los operativos para dar con la ubicaci\u00f3n del estudiante.<\/p>\n\n\n\n<p>\u201cSeguramente pens\u00f3 que no lo \u00edbamos a dejar, que no lo \u00edbamos a apoyar y por eso se fue sin avisar. Si \u00e9l se quiere mudar para all\u00e1, lo vamos a acompa\u00f1ar\u201d, sostuvo Alicia.<\/p>\n","protected":false},"excerpt":{"rendered":"<p>Alicia, la mam\u00e1 de Mariano Mart\u00ednez, el joven de Berazategui y estudiante de la Universidad&#8230;<\/p>\n","protected":false},"author":2,"featured_media":18164,"comment_status":"open","ping_status":"open","sticky":false,"template":"","format":"standard","meta":{"_jetpack_memberships_contains_paid_content":false,"footnotes":""},"categories":[6,8],"tags":[11,2126],"class_list":["post-18162","post","type-post","status-publish","format-standard","has-post-thumbnail","hentry","category-berazategui","category-interes-general","tag-berazategui","tag-cordoba"],"jetpack_featured_media_url":"https:\/\/realidadsur.com.ar\/wp-content\/uploads\/2026\/09\/Mariano-1.avif","jetpack_sharing_enabled":true,"_links":{"self":[{"href":"https:\/\/realidadsur.com.ar\/index.php?rest_route=\/wp\/v2\/posts\/18162","targetHints":{"allow":["GET"]}}],"collection":[{"href":"https:\/\/realidadsur.com.ar\/index.php?rest_route=\/wp\/v2\/posts"}],"about":[{"href":"https:\/\/realidadsur.com.ar\/index.php?rest_route=\/wp\/v2\/types\/post"}],"author":[{"embeddable":true,"href":"https:\/\/realidadsur.com.ar\/index.php?rest_route=\/wp\/v2\/users\/2"}],"replies":[{"embeddable":true,"href":"https:\/\/realidadsur.com.ar\/index.php?rest_route=%2Fwp%2Fv2%2Fcomments&post=18162"}],"version-history":[{"count":1,"href":"https:\/\/realidadsur.com.ar\/index.php?rest_route=\/wp\/v2\/posts\/18162\/revisions"}],"predecessor-version":[{"id":18165,"href":"https:\/\/realidadsur.com.ar\/index.php?rest_route=\/wp\/v2\/posts\/18162\/revisions\/18165"}],"wp:featuredmedia":[{"embeddable":true,"href":"https:\/\/realidadsur.com.ar\/index.php?rest_route=\/wp\/v2\/media\/18164"}],"wp:attachment":[{"href":"https:\/\/realidadsur.com.ar\/index.php?rest_route=%2Fwp%2Fv2%2Fmedia&parent=18162"}],"wp:term":[{"taxonomy":"category","embeddable":true,"href":"https:\/\/realidadsur.com.ar\/index.php?rest_route=%2Fwp%2Fv2%2Fcategories&post=18162"},{"taxonomy":"post_tag","embeddable":true,"href":"https:\/\/realidadsur.com.ar\/index.php?rest_route=%2Fwp%2Fv2%2Ftags&post=18162"}],"curies":[{"name":"wp","href":"https:\/\/api.w.org\/{rel}","templated":true}]}}