{"id":18176,"date":"2026-09-05T17:28:04","date_gmt":"2026-09-05T20:28:04","guid":{"rendered":"https:\/\/realidadsur.com.ar\/?p=18176"},"modified":"2026-09-05T17:28:07","modified_gmt":"2026-09-05T20:28:07","slug":"triple-crimen-en-varela-hay-cuatro-nuevos-detenidos","status":"publish","type":"post","link":"https:\/\/realidadsur.com.ar\/?p=18176","title":{"rendered":"TRIPLE CRIMEN EN VARELA: HAY CUATRO NUEVOS DETENIDOS"},"content":{"rendered":"\n<p>Los cr\u00edmenes de Morena Verdi (20 a\u00f1os), Brenda Loreley Del Castillo (20) y Lara Guti\u00e9rrez (15), ocurridos el 20 de septiembre de 2025 en Florencio Varela tienen cuatro nuevos sospechosos que fueron detenidos este s\u00e1bado.<\/p>\n\n\n\n<p>Luego de que se llevaran a cabo varios allanamientos, estas cuatro personas prestar\u00e1n declaraci\u00f3n indagatoria el pr\u00f3ximo lunes. El juez federal del Departamento Judicial de Mor\u00f3n Jorge Rodr\u00edguez dict\u00f3 el secreto de sumario hasta ese d\u00eda.<\/p>\n\n\n\n<p>Los detenidos son tres mujeres y un hombre, todos de nacionalidad peruana, y quienes quedaron a disposici\u00f3n de la Justicia tras los operativos llevados a cabo en CABA y en la provincia de Buenos Aires.<\/p>\n\n\n\n<p>Alrededor de 300 efectivos de la DDI La Matanza participaron de los procedimientos solicitados por la fiscal Mariela Labozzetta.<\/p>\n\n\n\n<p>Hasta el momento, los acusados son Tony Janzen Valverde Victoriano, V\u00edctor Sotacuro L\u00e1zaro (41), Milagros Florencia Ib\u00e1\u00f1ez (20), Maximiliano Andr\u00e9s Parra (18), Iara Daniela Ibarra (19), Miguel \u00c1ngel Villanueva Silva (25), Mat\u00edas Agust\u00edn Ozorio (28), M\u00f3nica D\u00e9bora Mujica (37), Celeste Magal\u00ed Gonz\u00e1lez Guerrero (28), Ariel Jerem\u00edas Alexis Gim\u00e9nez (28), Bernab\u00e9 Jes\u00fas Mall\u00f3n (42), que se encuentran acusados de los delitos de triple homicidio agravado por alevos\u00eda, ensa\u00f1amiento, la participaci\u00f3n de varias personas y mediar violencia de g\u00e9nero.<\/p>\n\n\n\n<p>Joseph Freyser Cubas Zavaleta (31), alias &#8220;Se\u00f1or J&#8221;, fue investigado en el caso, pero luego beneficiado con la falta de m\u00e9rito y extraditado a Per\u00fa.<\/p>\n\n\n\n<p>Para los investigadores, Peque\u00f1o J es el personaje principal de la trama debido a que \u201cse ha podido establecer que Valverde Victoriano ha realizado aportes esenciales para la concreci\u00f3n del iter criminis, participando en distintas fases del accionar delictivo: desde la planificaci\u00f3n previa, la log\u00edstica de captaci\u00f3n y traslado de las v\u00edctimas, el aseguramiento del lugar de cautiverio, hasta el control y sometimiento de las mismas en el inmueble donde fueron privadas de su libertad y posteriormente asesinadas&#8221;.<\/p>\n\n\n\n<p>Las tres v\u00edctimas fueron vistas por \u00faltima vez el viernes 19 de septiembre por la noche cuando cerca de la rotonda de La Tablada se subieron a una camioneta marca Chevrolet blanca. Siempre creyeron que iban a una fiesta, pero todo se trat\u00f3 de una trampa mortal. Iban a asesinarlas.<\/p>\n\n\n\n<p>Dentro de la vivienda, ubicada en la calle Cha\u00f1ar 702, fueron sometidas a extrema violencia, incluyendo mutilaciones y golpes, antes de ser asesinadas. Despu\u00e9s de intensos operativos, los cuerpos fueron encontrados el 24 de septiembre enterrados en un pozo en el patio trasero.<\/p>\n\n\n\n<p>La acusaci\u00f3n formal describe que el m\u00f3vil de los asesinatos est\u00e1 ligado al robo previo de droga, motivo por el cual dicha organizaci\u00f3n realiz\u00f3 una falsa fiesta narco para contratarlas y all\u00ed exigirles la devoluci\u00f3n de la coca\u00edna.<\/p>\n","protected":false},"excerpt":{"rendered":"<p>Los cr\u00edmenes de Morena Verdi (20 a\u00f1os), Brenda Loreley Del Castillo (20) y Lara Guti\u00e9rrez&#8230;<\/p>\n","protected":false},"author":2,"featured_media":18177,"comment_status":"open","ping_status":"open","sticky":false,"template":"","format":"standard","meta":{"_jetpack_memberships_contains_paid_content":false,"footnotes":""},"categories":[996,3871],"tags":[26,4488],"class_list":["post-18176","post","type-post","status-publish","format-standard","has-post-thumbnail","hentry","category-caba","category-florencio-varela-2","tag-florencio-varela","tag-trple-crimen"],"jetpack_featured_media_url":"https:\/\/realidadsur.com.ar\/wp-content\/uploads\/2026\/09\/Victimas.avif","jetpack_sharing_enabled":true,"_links":{"self":[{"href":"https:\/\/realidadsur.com.ar\/index.php?rest_route=\/wp\/v2\/posts\/18176","targetHints":{"allow":["GET"]}}],"collection":[{"href":"https:\/\/realidadsur.com.ar\/index.php?rest_route=\/wp\/v2\/posts"}],"about":[{"href":"https:\/\/realidadsur.com.ar\/index.php?rest_route=\/wp\/v2\/types\/post"}],"author":[{"embeddable":true,"href":"https:\/\/realidadsur.com.ar\/index.php?rest_route=\/wp\/v2\/users\/2"}],"replies":[{"embeddable":true,"href":"https:\/\/realidadsur.com.ar\/index.php?rest_route=%2Fwp%2Fv2%2Fcomments&post=18176"}],"version-history":[{"count":1,"href":"https:\/\/realidadsur.com.ar\/index.php?rest_route=\/wp\/v2\/posts\/18176\/revisions"}],"predecessor-version":[{"id":18178,"href":"https:\/\/realidadsur.com.ar\/index.php?rest_route=\/wp\/v2\/posts\/18176\/revisions\/18178"}],"wp:featuredmedia":[{"embeddable":true,"href":"https:\/\/realidadsur.com.ar\/index.php?rest_route=\/wp\/v2\/media\/18177"}],"wp:attachment":[{"href":"https:\/\/realidadsur.com.ar\/index.php?rest_route=%2Fwp%2Fv2%2Fmedia&parent=18176"}],"wp:term":[{"taxonomy":"category","embeddable":true,"href":"https:\/\/realidadsur.com.ar\/index.php?rest_route=%2Fwp%2Fv2%2Fcategories&post=18176"},{"taxonomy":"post_tag","embeddable":true,"href":"https:\/\/realidadsur.com.ar\/index.php?rest_route=%2Fwp%2Fv2%2Ftags&post=18176"}],"curies":[{"name":"wp","href":"https:\/\/api.w.org\/{rel}","templated":true}]}}