{"id":18179,"date":"2026-09-05T17:55:04","date_gmt":"2026-09-05T20:55:04","guid":{"rendered":"https:\/\/realidadsur.com.ar\/?p=18179"},"modified":"2026-09-05T17:55:06","modified_gmt":"2026-09-05T20:55:06","slug":"kicillof-se-diferencio-de-milei-y-destaco-el-rol-de-las-cooperativas","status":"publish","type":"post","link":"https:\/\/realidadsur.com.ar\/?p=18179","title":{"rendered":"KICILLOF SE DIFERENCI\u00d3 DE MILEI Y DESTAC\u00d3 EL ROL DE LAS COOPERATIVAS"},"content":{"rendered":"\n<p>El gobernador de la provincia de Buenos Aires, Axel Kicillof, inaugur\u00f3 este viernes la nueva Casa de la Provincia, el Centro Integrador Comunitario Pig\u00fc\u00e9 y lanz\u00f3 una cr\u00edtica contra el presidente Javier Milei respecto a los ataques que realiza el mandatario hacia las cooperativas.<\/p>\n\n\n\n<p>El gobernador bonaerense sostuvo que las cooperativas &#8220;cumplen un rol econ\u00f3mico y social verdaderamente fundamental&#8221;. &#8220;Nosotros las acompa\u00f1amos porque son sin\u00f3nimo de organizaci\u00f3n y lucha&#8221;, asever\u00f3.<\/p>\n\n\n\n<p>&#8220;Frente al individualismo y los discursos de odio que se promueven a nivel nacional, los bonaerenses ratificamos nuestra vocaci\u00f3n solidaria: vamos a seguir trabajando para ampliar derechos y llevar esperanza a cada rinc\u00f3n de nuestra provincia&#8221;, afirm\u00f3 Kicillof.<\/p>\n\n\n\n<p>Kicillof tambi\u00e9n encabez\u00f3 el acto de inauguraci\u00f3n formal de la nueva Casa de la Provincia en el municipio de Saavedra, junto al intendente local, Mat\u00edas Nebot. Adem\u00e1s, puso en funcionamiento la ampliaci\u00f3n del Centro Integrador Comunitario Pig\u00fc\u00e9.<\/p>\n","protected":false},"excerpt":{"rendered":"<p>El gobernador de la provincia de Buenos Aires, Axel Kicillof, inaugur\u00f3 este viernes la nueva&#8230;<\/p>\n","protected":false},"author":2,"featured_media":18180,"comment_status":"open","ping_status":"open","sticky":false,"template":"","format":"standard","meta":{"_jetpack_memberships_contains_paid_content":false,"footnotes":""},"categories":[3978,4],"tags":[24,200],"class_list":["post-18179","post","type-post","status-publish","format-standard","has-post-thumbnail","hentry","category-politica","category-provincia","tag-axel-kicillof","tag-javier-milei"],"jetpack_featured_media_url":"https:\/\/i0.wp.com\/realidadsur.com.ar\/wp-content\/uploads\/2026\/09\/KICILLOF.jpg?fit=700%2C466&ssl=1","jetpack_sharing_enabled":true,"_links":{"self":[{"href":"https:\/\/realidadsur.com.ar\/index.php?rest_route=\/wp\/v2\/posts\/18179","targetHints":{"allow":["GET"]}}],"collection":[{"href":"https:\/\/realidadsur.com.ar\/index.php?rest_route=\/wp\/v2\/posts"}],"about":[{"href":"https:\/\/realidadsur.com.ar\/index.php?rest_route=\/wp\/v2\/types\/post"}],"author":[{"embeddable":true,"href":"https:\/\/realidadsur.com.ar\/index.php?rest_route=\/wp\/v2\/users\/2"}],"replies":[{"embeddable":true,"href":"https:\/\/realidadsur.com.ar\/index.php?rest_route=%2Fwp%2Fv2%2Fcomments&post=18179"}],"version-history":[{"count":1,"href":"https:\/\/realidadsur.com.ar\/index.php?rest_route=\/wp\/v2\/posts\/18179\/revisions"}],"predecessor-version":[{"id":18181,"href":"https:\/\/realidadsur.com.ar\/index.php?rest_route=\/wp\/v2\/posts\/18179\/revisions\/18181"}],"wp:featuredmedia":[{"embeddable":true,"href":"https:\/\/realidadsur.com.ar\/index.php?rest_route=\/wp\/v2\/media\/18180"}],"wp:attachment":[{"href":"https:\/\/realidadsur.com.ar\/index.php?rest_route=%2Fwp%2Fv2%2Fmedia&parent=18179"}],"wp:term":[{"taxonomy":"category","embeddable":true,"href":"https:\/\/realidadsur.com.ar\/index.php?rest_route=%2Fwp%2Fv2%2Fcategories&post=18179"},{"taxonomy":"post_tag","embeddable":true,"href":"https:\/\/realidadsur.com.ar\/index.php?rest_route=%2Fwp%2Fv2%2Ftags&post=18179"}],"curies":[{"name":"wp","href":"https:\/\/api.w.org\/{rel}","templated":true}]}}