{"id":18182,"date":"2026-09-05T18:37:38","date_gmt":"2026-09-05T21:37:38","guid":{"rendered":"https:\/\/realidadsur.com.ar\/?p=18182"},"modified":"2026-09-05T18:37:40","modified_gmt":"2026-09-05T21:37:40","slug":"berazategui-fue-sede-del-primer-congreso-regional-de-educacion-fisica","status":"publish","type":"post","link":"https:\/\/realidadsur.com.ar\/?p=18182","title":{"rendered":"BERAZATEGUI FUE SEDE DEL PRIMER CONGRESO REGIONAL DE EDUCACI\u00d3N F\u00cdSICA"},"content":{"rendered":"\n<p>Berazategui fue elegida como sede del 1\u00b0 Congreso Regional de Educaci\u00f3n F\u00edsica \u201cCorporeidad y Movimiento\u201d, impulsado por el Instituto de Ense\u00f1anza Superior Atanasio Lanz. El encuentro reuni\u00f3 a docentes y estudiantes de distintos puntos de la regi\u00f3n y tuvo como objetivo promover la formaci\u00f3n, actualizaci\u00f3n e intercambio de experiencias vinculadas a la Educaci\u00f3n F\u00edsica. Adem\u00e1s, durante el acto inaugural encabezado por el intendente Carlos Balor, se anunci\u00f3 que el Congreso ser\u00eda declarado de Inter\u00e9s Provincial.<\/p>\n\n\n\n<p>\u201cEs un orgullo que este primer Congreso de Educaci\u00f3n F\u00edsica se haya realizado en Berazategui. Desde el Municipio queremos ser parte y poner a disposici\u00f3n todos los espacios y recursos que tenemos para acompa\u00f1ar este tipo de iniciativas\u201d, manifest\u00f3. Y agreg\u00f3: \u201cSiguiendo el legado del Dr. Juan Jos\u00e9 Mussi, vamos a continuar apostando fuerte al deporte. Es as\u00ed que estamos trabajando en el proyecto de una pista de atletismo y tambi\u00e9n analizamos la construcci\u00f3n de un vel\u00f3dromo. Adem\u00e1s, ya dejamos en nuestra agenda permanente la Carrera de Miguel, la Marat\u00f3n D\u00eda del Vidriero y la Carrera de Ciclismo Argentino R\u00edos\u201d.<\/p>\n\n\n\n<p>Por su parte, el director provincial de Educaci\u00f3n F\u00edsica, Leonardo Troncoso, destac\u00f3 la importancia de la capacitaci\u00f3n y el intercambio entre docentes y estudiantes. \u201cHoy es un d\u00eda muy especial. Nos juntamos con los profesores y profesoras de Educaci\u00f3n F\u00edsica y estudiantes, nuestros futuros docentes, con el fin de formarnos y capacitarnos. Estamos convencidos de que capacitarse es un acto de humildad; todos siempre tenemos algo que aprender\u201d, expres\u00f3. En tanto, el director del Instituto Atanasio Lanz, N\u00e9stor Paulo, manifest\u00f3 su emoci\u00f3n por la realizaci\u00f3n del encuentro y agradeci\u00f3 a quienes hicieron posible el Congreso.<\/p>\n\n\n\n<p>La propuesta se desarroll\u00f3 durante dos jornadas y cont\u00f3 con 64 expositores y 46 actividades, entre talleres, paneles y conferencias, distribuidas en 12 sedes de Berazategui, con entrada libre y gratuita. El Congreso abord\u00f3 ocho ejes tem\u00e1ticos relacionados con los desaf\u00edos actuales de la Educaci\u00f3n F\u00edsica, entre ellos salud y actividad f\u00edsica, entrenamiento y rendimiento deportivo, salud mental, inclusi\u00f3n, nuevas tecnolog\u00edas, ense\u00f1anza en las escuelas bonaerenses y pr\u00e1cticas no hegem\u00f3nicas.<\/p>\n\n\n\n<p>El evento cont\u00f3 con la colaboraci\u00f3n de la Subsecretar\u00eda de Deportes de la provincia de Buenos Aires; las Secretar\u00edas municipales de Cultura y Educaci\u00f3n y de Desarrollo Social, Recreaci\u00f3n, Turismo y Deportes; la Inspecci\u00f3n de Educaci\u00f3n F\u00edsica; la Jefatura Distrital Berazategui y las Jefaturas de Regi\u00f3n 4 y Regi\u00f3n 4 DIEGEP. Tambi\u00e9n estuvieron presentes los secretarios municipales Mar\u00eda Laura Lacava y Federico L\u00f3pez, adem\u00e1s de autoridades municipales y educativas del distrito.<\/p>\n","protected":false},"excerpt":{"rendered":"<p>Berazategui fue elegida como sede del 1\u00b0 Congreso Regional de Educaci\u00f3n F\u00edsica \u201cCorporeidad y Movimiento\u201d,&#8230;<\/p>\n","protected":false},"author":2,"featured_media":18183,"comment_status":"open","ping_status":"open","sticky":false,"template":"","format":"standard","meta":{"_jetpack_memberships_contains_paid_content":false,"footnotes":""},"categories":[6],"tags":[11,2476],"class_list":["post-18182","post","type-post","status-publish","format-standard","has-post-thumbnail","hentry","category-berazategui","tag-berazategui","tag-carlos-balor"],"jetpack_featured_media_url":"https:\/\/i0.wp.com\/realidadsur.com.ar\/wp-content\/uploads\/2026\/09\/Berazategui-fue-sede-del-1%C2%B0-Congreso-Regional-de-Educacion-Fisica-1.jpg?fit=1920%2C1280&ssl=1","jetpack_sharing_enabled":true,"_links":{"self":[{"href":"https:\/\/realidadsur.com.ar\/index.php?rest_route=\/wp\/v2\/posts\/18182","targetHints":{"allow":["GET"]}}],"collection":[{"href":"https:\/\/realidadsur.com.ar\/index.php?rest_route=\/wp\/v2\/posts"}],"about":[{"href":"https:\/\/realidadsur.com.ar\/index.php?rest_route=\/wp\/v2\/types\/post"}],"author":[{"embeddable":true,"href":"https:\/\/realidadsur.com.ar\/index.php?rest_route=\/wp\/v2\/users\/2"}],"replies":[{"embeddable":true,"href":"https:\/\/realidadsur.com.ar\/index.php?rest_route=%2Fwp%2Fv2%2Fcomments&post=18182"}],"version-history":[{"count":1,"href":"https:\/\/realidadsur.com.ar\/index.php?rest_route=\/wp\/v2\/posts\/18182\/revisions"}],"predecessor-version":[{"id":18184,"href":"https:\/\/realidadsur.com.ar\/index.php?rest_route=\/wp\/v2\/posts\/18182\/revisions\/18184"}],"wp:featuredmedia":[{"embeddable":true,"href":"https:\/\/realidadsur.com.ar\/index.php?rest_route=\/wp\/v2\/media\/18183"}],"wp:attachment":[{"href":"https:\/\/realidadsur.com.ar\/index.php?rest_route=%2Fwp%2Fv2%2Fmedia&parent=18182"}],"wp:term":[{"taxonomy":"category","embeddable":true,"href":"https:\/\/realidadsur.com.ar\/index.php?rest_route=%2Fwp%2Fv2%2Fcategories&post=18182"},{"taxonomy":"post_tag","embeddable":true,"href":"https:\/\/realidadsur.com.ar\/index.php?rest_route=%2Fwp%2Fv2%2Ftags&post=18182"}],"curies":[{"name":"wp","href":"https:\/\/api.w.org\/{rel}","templated":true}]}}