{"id":18186,"date":"2026-09-06T17:57:20","date_gmt":"2026-09-06T20:57:20","guid":{"rendered":"https:\/\/realidadsur.com.ar\/?p=18186"},"modified":"2026-09-06T17:57:23","modified_gmt":"2026-09-06T20:57:23","slug":"emotivo-homenaje-se-llamara-doctor-juan-jose-mussi-la-calle-donde-el-ex-intendente-paso-gran-parte-de-su-vida","status":"publish","type":"post","link":"https:\/\/realidadsur.com.ar\/?p=18186","title":{"rendered":"EMOTIVO HOMENAJE: SE LLAMAR\u00c1 DOCTOR JUAN JOS\u00c9 MUSSI LA CALLE DONDE EL EX INTENDENTE PAS\u00d3 GRAN PARTE DE SU VIDA"},"content":{"rendered":"\n<p><\/p>\n\n\n\n<p>En un emotivo acto, presidido por el intendente muncipal Carlos Balor, se llev\u00f3 adelante el acto de imposici\u00f3n del nombre Doctor Juan Jos\u00e9 Mussi a la calle 158, en la extensi\u00f3n que va desde la Avenida Otto Bemberg hasta la calle 42.<\/p>\n\n\n\n<p>El pedido del reconocimiento fue realizado por la hermana del recordado Intendente, aprobada por el Concejo Deliberante y rubricada por Carlos Balor.<\/p>\n\n\n\n<p>En el acto realizado a posteriori de una marcha vecinal, en la que se pod\u00edan ver a familiares de Mussi, funcionarios, compa\u00f1ros de trabajo y una gran cantidad de vecinos, tomaron la palabra Adela Mussi, Remo Salve (ex Jefe comunal) y Carlos Balor.<\/p>\n\n\n\n<figure class=\"wp-block-image size-full is-resized\"><img data-recalc-dims=\"1\" loading=\"lazy\" decoding=\"async\" width=\"640\" height=\"425\" src=\"https:\/\/i0.wp.com\/realidadsur.com.ar\/wp-content\/uploads\/2026\/09\/2.jpg?resize=640%2C425&#038;ssl=1\" alt=\"\" class=\"wp-image-18188\" style=\"width:552px;height:auto\" srcset=\"https:\/\/i0.wp.com\/realidadsur.com.ar\/wp-content\/uploads\/2026\/09\/2.jpg?w=710&amp;ssl=1 710w, https:\/\/i0.wp.com\/realidadsur.com.ar\/wp-content\/uploads\/2026\/09\/2.jpg?resize=300%2C199&amp;ssl=1 300w\" sizes=\"auto, (max-width: 640px) 100vw, 640px\" \/><\/figure>\n\n\n\n<p>&#8220;La verdad que este es un d\u00eda muy importante para m\u00edi, de muchas emociones encontradas, con una gran responsabilidad porque Juan Jos\u00e9 nos dej\u00f3 un vac\u00edo muy grande y nosotros, el equipo, tenemos que afrontar un gran desaf\u00edo que era terminar su gobierno porque este es hasta el 10 de diciembre de 2027 el gobierno de Juan Jos\u00e9 Mussi y nosotros tenemos que cumplir con su legado&#8221;, indic\u00f3 el Jefe comunal.<\/p>\n\n\n\n<p>Luego, detall\u00f3: &#8221; Voy a cumplir con su proyecto y terminar y terminar su gesti\u00f3n como \u00e9l la quer\u00eda terminar. As\u00ed que a los vecinos much\u00edsimas gracias a todos los que fueron parte, a los concejales decirles que lo necesitamos m\u00e1s que nunca, tenemos que estar juntos para ponerle el pecho&#8221;.<\/p>\n\n\n\n<p>&#8220;Para m\u00ed se me hace muy dif\u00edcil el d\u00eda a d\u00eda. Siempre pienso que cuando yo ten\u00eda un problema sub\u00eda a las escaleras, entraba al quinto piso, le golpeaba la puerta y le dec\u00eda \u00b4Negro tengo tal o cu\u00e1l problema, c\u00f3mo lo solucionamos?\u00b4 y me iba con la soluci\u00f3n. Ahora subo al quinto piso esa respuesta no la tengo. Tengo la foto, a veces la miro y le digo \u00b4dame una se\u00f1al\u00b4&#8221;.<\/p>\n\n\n\n<p>&#8220;No le uso el despacho, que qued\u00f3 ah\u00ed como lo dej\u00f3; no le uso el auto que qued\u00f3 como lo dej\u00f3. (Pero) le pido fuerza para poder seguir, porque tenemos que continuar con esta gesti\u00f3n que es la de \u00e9l. \u00c9l siempre me dec\u00eda \u00b4Turco nosotros tenemos que estar siempre al lado de la gente, trabajar para la gente, ser solidarios en el mano a mano, no nos tenemos que esconder y lo principal de todo es saber c\u00f3mo llegamos y de d\u00f3nde salimos\u00b4. Juan Jos\u00e9 Mussi nunca se olvid\u00f3 de c\u00f3mo lleg\u00f3 y de d\u00f3nde sali\u00f3 por eso hizo todo lo que hizo por su Pl\u00e1tanos&#8221;, a\u00f1adi\u00f3.<\/p>\n\n\n\n<p>Del mismo modo, record\u00f3: &#8220;La verdad que era bastante intenso. Yo ten\u00eda que dormir con el tel\u00e9fono en la mesa de luz con un l\u00e1piz y un papel. Me llamaba a cualquier hora y me dec\u00eda &#8220;dale esto a tal, a fulano esto\u00b4. Yo anotaba y al otro d\u00eda iba temprano el corral\u00f3n seis y media y \u00e9l tambi\u00e9n era iba temprano a la municipalidad y a las siete de la ma\u00f1ana me dec\u00eda no te olvides de esto, no te olvides de lo otro, no te olvides de tal o cual vecina. Ese era Juan Jose Mussi, un gran emprendedor de cosas&#8221;.<\/p>\n\n\n\n<figure class=\"wp-block-image size-large is-resized\"><img data-recalc-dims=\"1\" loading=\"lazy\" decoding=\"async\" width=\"640\" height=\"428\" src=\"https:\/\/i0.wp.com\/realidadsur.com.ar\/wp-content\/uploads\/2026\/09\/3-1024x684.jpg?resize=640%2C428&#038;ssl=1\" alt=\"\" class=\"wp-image-18189\" style=\"width:585px;height:auto\" srcset=\"https:\/\/i0.wp.com\/realidadsur.com.ar\/wp-content\/uploads\/2026\/09\/3-scaled.jpg?resize=1024%2C684&amp;ssl=1 1024w, https:\/\/i0.wp.com\/realidadsur.com.ar\/wp-content\/uploads\/2026\/09\/3-scaled.jpg?resize=300%2C200&amp;ssl=1 300w, https:\/\/i0.wp.com\/realidadsur.com.ar\/wp-content\/uploads\/2026\/09\/3-scaled.jpg?resize=768%2C513&amp;ssl=1 768w, https:\/\/i0.wp.com\/realidadsur.com.ar\/wp-content\/uploads\/2026\/09\/3-scaled.jpg?resize=1536%2C1026&amp;ssl=1 1536w, https:\/\/i0.wp.com\/realidadsur.com.ar\/wp-content\/uploads\/2026\/09\/3-scaled.jpg?resize=2048%2C1368&amp;ssl=1 2048w, https:\/\/i0.wp.com\/realidadsur.com.ar\/wp-content\/uploads\/2026\/09\/3-scaled.jpg?w=1280 1280w, https:\/\/i0.wp.com\/realidadsur.com.ar\/wp-content\/uploads\/2026\/09\/3-scaled.jpg?w=1920 1920w\" sizes=\"auto, (max-width: 640px) 100vw, 640px\" \/><\/figure>\n\n\n\n<p>Por su parte, la hrmana de Mussi, Adela, se\u00f1al\u00f3: &#8220;Todos los que est\u00e1n ac\u00e1 saben lo que fue mi hermano, y que va a quedar siempre en el recuerdo de todos. Fue un gran hijo, un gran padre, un gran hermano, un gran m\u00e9dico y un gran pol\u00edtico; pero por sobre todas las cosas fue un gran hombre como persona&#8221;.<\/p>\n\n\n\n<p>El doctor Remo Salve, ex intendente que asumi\u00f3 en plena crisis del 2001\/2002 y amigo personal de Mussi, sintetiz\u00f3: &#8220;Cuando Juan Jos\u00e9 me pidi\u00f3 que ocupara el puesto de intendente porque me correspond\u00eda, yo lo hice con una condici\u00f3n: &#8220;Si vos volv\u00e9s, si&#8221;.<\/p>\n\n\n\n<p>&#8220;Juan Jos\u00e9 lo prometi\u00f3 y cumpli\u00f3, y yo cumpl\u00ed con \u00e9l, con la gente. Yo lo ten\u00eda para consultarlo todos los d\u00edas. Me acuerdo que el primer a\u00f1o hab\u00edamos empezado nosotros el 7 de enero y al 30 de diciembre hab\u00edamos hecho m\u00e1s de mil reuniones barriales en esa \u00e9poca que era dif\u00edcil ir a los barrios porque no ten\u00edamos nada en el municipio. No ten\u00edamos nada para dar, nada para entregar y ah\u00ed s\u00ed tuve un amigo de verdad&#8221;.<\/p>\n","protected":false},"excerpt":{"rendered":"<p>En un emotivo acto, presidido por el intendente muncipal Carlos Balor, se llev\u00f3 adelante el&#8230;<\/p>\n","protected":false},"author":2,"featured_media":18187,"comment_status":"open","ping_status":"open","sticky":false,"template":"","format":"standard","meta":{"_jetpack_memberships_contains_paid_content":false,"footnotes":""},"categories":[6],"tags":[11,2476,9],"class_list":["post-18186","post","type-post","status-publish","format-standard","has-post-thumbnail","hentry","category-berazategui","tag-berazategui","tag-carlos-balor","tag-juan-jose-mussi"],"jetpack_featured_media_url":"https:\/\/i0.wp.com\/realidadsur.com.ar\/wp-content\/uploads\/2026\/09\/1.jpg?fit=710%2C472&ssl=1","jetpack_sharing_enabled":true,"_links":{"self":[{"href":"https:\/\/realidadsur.com.ar\/index.php?rest_route=\/wp\/v2\/posts\/18186","targetHints":{"allow":["GET"]}}],"collection":[{"href":"https:\/\/realidadsur.com.ar\/index.php?rest_route=\/wp\/v2\/posts"}],"about":[{"href":"https:\/\/realidadsur.com.ar\/index.php?rest_route=\/wp\/v2\/types\/post"}],"author":[{"embeddable":true,"href":"https:\/\/realidadsur.com.ar\/index.php?rest_route=\/wp\/v2\/users\/2"}],"replies":[{"embeddable":true,"href":"https:\/\/realidadsur.com.ar\/index.php?rest_route=%2Fwp%2Fv2%2Fcomments&post=18186"}],"version-history":[{"count":1,"href":"https:\/\/realidadsur.com.ar\/index.php?rest_route=\/wp\/v2\/posts\/18186\/revisions"}],"predecessor-version":[{"id":18190,"href":"https:\/\/realidadsur.com.ar\/index.php?rest_route=\/wp\/v2\/posts\/18186\/revisions\/18190"}],"wp:featuredmedia":[{"embeddable":true,"href":"https:\/\/realidadsur.com.ar\/index.php?rest_route=\/wp\/v2\/media\/18187"}],"wp:attachment":[{"href":"https:\/\/realidadsur.com.ar\/index.php?rest_route=%2Fwp%2Fv2%2Fmedia&parent=18186"}],"wp:term":[{"taxonomy":"category","embeddable":true,"href":"https:\/\/realidadsur.com.ar\/index.php?rest_route=%2Fwp%2Fv2%2Fcategories&post=18186"},{"taxonomy":"post_tag","embeddable":true,"href":"https:\/\/realidadsur.com.ar\/index.php?rest_route=%2Fwp%2Fv2%2Ftags&post=18186"}],"curies":[{"name":"wp","href":"https:\/\/api.w.org\/{rel}","templated":true}]}}