{"id":18191,"date":"2026-09-06T18:01:46","date_gmt":"2026-09-06T21:01:46","guid":{"rendered":"https:\/\/realidadsur.com.ar\/?p=18191"},"modified":"2026-09-06T18:01:48","modified_gmt":"2026-09-06T21:01:48","slug":"florencio-varela-rescataron-a-siete-hermanitos-en-estado-de-abandono","status":"publish","type":"post","link":"https:\/\/realidadsur.com.ar\/?p=18191","title":{"rendered":"FLORENCIO VARELA: RESCATARON A SIETE HERMANITOS EN ESTADO DE ABANDONO"},"content":{"rendered":"\n<p>Siete hermanos fueron encontrados solos y en presunto estado de abandono dentro de una vivienda de Florencio Varela, luego de que una vecina alertara a la Polic\u00eda a trav\u00e9s de un llamado al 911.<\/p>\n\n\n\n<p>La mujer manifest\u00f3 que llevaba varios d\u00edas sin ver a una de las ni\u00f1as y decidi\u00f3 dar aviso ante la preocupaci\u00f3n por la situaci\u00f3n de los menores. El procedimiento se llev\u00f3 a cabo en una casa ubicada en la intersecci\u00f3n de Genoud y Padre Go\u00f1i, en el barrio La Colorada.<\/p>\n\n\n\n<p>Seg\u00fan explic\u00f3 la denunciante, propietaria del terreno, hac\u00eda aproximadamente dos a\u00f1os hab\u00eda permitido que los chicos, su madre y la pareja de ella se instalaran all\u00ed debido a que se encontraban en situaci\u00f3n de calle.<\/p>\n\n\n\n<p>Al ingresar, los efectivos encontraron a los siete menores, de 11, 8, 7, 6, 5, 3 y 2 a\u00f1os, sin la presencia de adultos y en un ambiente con condiciones deficientes de higiene.<\/p>\n\n\n\n<p>Los hermanos fueron trasladados al hospital Mi Pueblo, donde quedaron bajo atenci\u00f3n m\u00e9dica. Durante los controles, los profesionales determinaron que la menor de los siete presentaba un cuadro de desnutrici\u00f3n y deshidrataci\u00f3n severa, por lo que permaneci\u00f3 bajo observaci\u00f3n.<\/p>\n\n\n\n<p>Tras el operativo, fueron detenidos una mujer de 26 a\u00f1os y un hombre de 34, se\u00f1alados como los padres de los ni\u00f1os. La investigaci\u00f3n qued\u00f3 a cargo de la Justicia bajo la car\u00e1tula de \u201cabandono de persona\u201d, mientras que tambi\u00e9n intervienen la Subsecretar\u00eda de Ni\u00f1ez y la UFI de turno.<\/p>\n\n\n\n<p>Los investigadores buscan establecer c\u00f3mo se lleg\u00f3 a esa situaci\u00f3n y cu\u00e1les fueron las circunstancias en las que los menores quedaron solos en la vivienda. Mientras avanza la causa, los siete hermanos contin\u00faan bajo seguimiento m\u00e9dico.<\/p>\n","protected":false},"excerpt":{"rendered":"<p>Siete hermanos fueron encontrados solos y en presunto estado de abandono dentro de una vivienda&#8230;<\/p>\n","protected":false},"author":2,"featured_media":18192,"comment_status":"open","ping_status":"open","sticky":false,"template":"","format":"standard","meta":{"_jetpack_memberships_contains_paid_content":false,"footnotes":""},"categories":[3871,3976],"tags":[26],"class_list":["post-18191","post","type-post","status-publish","format-standard","has-post-thumbnail","hentry","category-florencio-varela-2","category-policiales","tag-florencio-varela"],"jetpack_featured_media_url":"https:\/\/realidadsur.com.ar\/wp-content\/uploads\/2026\/09\/Padres-detenidos.avif","jetpack_sharing_enabled":true,"_links":{"self":[{"href":"https:\/\/realidadsur.com.ar\/index.php?rest_route=\/wp\/v2\/posts\/18191","targetHints":{"allow":["GET"]}}],"collection":[{"href":"https:\/\/realidadsur.com.ar\/index.php?rest_route=\/wp\/v2\/posts"}],"about":[{"href":"https:\/\/realidadsur.com.ar\/index.php?rest_route=\/wp\/v2\/types\/post"}],"author":[{"embeddable":true,"href":"https:\/\/realidadsur.com.ar\/index.php?rest_route=\/wp\/v2\/users\/2"}],"replies":[{"embeddable":true,"href":"https:\/\/realidadsur.com.ar\/index.php?rest_route=%2Fwp%2Fv2%2Fcomments&post=18191"}],"version-history":[{"count":1,"href":"https:\/\/realidadsur.com.ar\/index.php?rest_route=\/wp\/v2\/posts\/18191\/revisions"}],"predecessor-version":[{"id":18193,"href":"https:\/\/realidadsur.com.ar\/index.php?rest_route=\/wp\/v2\/posts\/18191\/revisions\/18193"}],"wp:featuredmedia":[{"embeddable":true,"href":"https:\/\/realidadsur.com.ar\/index.php?rest_route=\/wp\/v2\/media\/18192"}],"wp:attachment":[{"href":"https:\/\/realidadsur.com.ar\/index.php?rest_route=%2Fwp%2Fv2%2Fmedia&parent=18191"}],"wp:term":[{"taxonomy":"category","embeddable":true,"href":"https:\/\/realidadsur.com.ar\/index.php?rest_route=%2Fwp%2Fv2%2Fcategories&post=18191"},{"taxonomy":"post_tag","embeddable":true,"href":"https:\/\/realidadsur.com.ar\/index.php?rest_route=%2Fwp%2Fv2%2Ftags&post=18191"}],"curies":[{"name":"wp","href":"https:\/\/api.w.org\/{rel}","templated":true}]}}