{"id":18194,"date":"2026-09-06T18:28:15","date_gmt":"2026-09-06T21:28:15","guid":{"rendered":"https:\/\/realidadsur.com.ar\/?p=18194"},"modified":"2026-09-06T18:28:19","modified_gmt":"2026-09-06T21:28:19","slug":"milei-encabezara-una-nueva-reunion-de-gabinete","status":"publish","type":"post","link":"https:\/\/realidadsur.com.ar\/?p=18194","title":{"rendered":"MILEI ENCABEZAR\u00c1 UNA NUEVA REUNI\u00d3N DE GABINETE"},"content":{"rendered":"\n<p>El presidente Javier Milei encabezar\u00e1 este lunes en la Casa Rosada una nueva reuni\u00f3n de Gabinete, en el inicio de una semana que estar\u00e1 marcada por el seguimiento de las medidas sobre la cuesti\u00f3n Malvinas, la definici\u00f3n del Presupuesto 2027 y la estrategia legislativa del oficialismo.<\/p>\n\n\n\n<p>Durante la reuni\u00f3n, los ministros repasar\u00e1n los avances en torno al reclamo por la soberan\u00eda de las Islas Malvinas, luego de los anuncios realizados por Milei en cadena nacional el jueves.<\/p>\n\n\n\n<p>En el Gobierno evaluaron favorablemente el impacto inicial de los anuncios, tras el repliegue de grandes compa\u00f1\u00edas internacionales de servicios petroleros en el proyecto Sea Lion que se desarrolla en las aguas que rodean al archipi\u00e9lago.<\/p>\n\n\n\n<p>Otro de los puntos centrales de la agenda ser\u00e1 el Presupuesto 2027, cuyo proyecto debe ser enviado al Congreso antes del 15 de septiembre.<\/p>\n","protected":false},"excerpt":{"rendered":"<p>El presidente Javier Milei encabezar\u00e1 este lunes en la Casa Rosada una nueva reuni\u00f3n de&#8230;<\/p>\n","protected":false},"author":2,"featured_media":18195,"comment_status":"open","ping_status":"open","sticky":false,"template":"","format":"standard","meta":{"_jetpack_memberships_contains_paid_content":false,"footnotes":""},"categories":[3,3978],"tags":[200],"class_list":["post-18194","post","type-post","status-publish","format-standard","has-post-thumbnail","hentry","category-nacion","category-politica","tag-javier-milei"],"jetpack_featured_media_url":"https:\/\/i0.wp.com\/realidadsur.com.ar\/wp-content\/uploads\/2026\/09\/Javier-Milei.webp?fit=600%2C600&ssl=1","jetpack_sharing_enabled":true,"_links":{"self":[{"href":"https:\/\/realidadsur.com.ar\/index.php?rest_route=\/wp\/v2\/posts\/18194","targetHints":{"allow":["GET"]}}],"collection":[{"href":"https:\/\/realidadsur.com.ar\/index.php?rest_route=\/wp\/v2\/posts"}],"about":[{"href":"https:\/\/realidadsur.com.ar\/index.php?rest_route=\/wp\/v2\/types\/post"}],"author":[{"embeddable":true,"href":"https:\/\/realidadsur.com.ar\/index.php?rest_route=\/wp\/v2\/users\/2"}],"replies":[{"embeddable":true,"href":"https:\/\/realidadsur.com.ar\/index.php?rest_route=%2Fwp%2Fv2%2Fcomments&post=18194"}],"version-history":[{"count":1,"href":"https:\/\/realidadsur.com.ar\/index.php?rest_route=\/wp\/v2\/posts\/18194\/revisions"}],"predecessor-version":[{"id":18196,"href":"https:\/\/realidadsur.com.ar\/index.php?rest_route=\/wp\/v2\/posts\/18194\/revisions\/18196"}],"wp:featuredmedia":[{"embeddable":true,"href":"https:\/\/realidadsur.com.ar\/index.php?rest_route=\/wp\/v2\/media\/18195"}],"wp:attachment":[{"href":"https:\/\/realidadsur.com.ar\/index.php?rest_route=%2Fwp%2Fv2%2Fmedia&parent=18194"}],"wp:term":[{"taxonomy":"category","embeddable":true,"href":"https:\/\/realidadsur.com.ar\/index.php?rest_route=%2Fwp%2Fv2%2Fcategories&post=18194"},{"taxonomy":"post_tag","embeddable":true,"href":"https:\/\/realidadsur.com.ar\/index.php?rest_route=%2Fwp%2Fv2%2Ftags&post=18194"}],"curies":[{"name":"wp","href":"https:\/\/api.w.org\/{rel}","templated":true}]}}