{"id":1991,"date":"2023-11-18T17:33:45","date_gmt":"2023-11-18T20:33:45","guid":{"rendered":"https:\/\/realidadsur.com.ar\/?p=1991"},"modified":"2023-11-18T17:33:47","modified_gmt":"2023-11-18T20:33:47","slug":"otros-tres-policias-detenidos-en-el-caso-de-la-desaparicion-y-muerte-de-los-jovenes-de-varela","status":"publish","type":"post","link":"https:\/\/realidadsur.com.ar\/?p=1991","title":{"rendered":"OTROS TRES POLIC\u00cdAS DETENIDOS EN EL CASO DE LA DESAPARICI\u00d3N Y MUERTE DE LOS J\u00d3VENES DE VARELA"},"content":{"rendered":"\n<p>Tres efectivos de la polic\u00eda bonaerense fueron detenidos, acusados de haber participado en el encubrimiento del&nbsp;homicidio de Lautaro Morello&nbsp;y la&nbsp;desaparici\u00f3n de su amigo Lucas Escalante, en diciembre del a\u00f1o pasado en Florencio Varela, informaron fuentes judiciales.<\/p>\n\n\n\n<p>Se trata de los oficiales&nbsp;Ramiro Yair Forchinito, Juan Manuel Britos y Dami\u00e1n Rodr\u00edguez, quienes fueron apresados en las \u00faltimas horas a pedido del fiscal Daniel Ichazo, a cargo de la Unidad Funcional de Instrucci\u00f3n (UFI) 1 de Berazategui, y&nbsp;se suman a otros cuatro detenidos&nbsp;que ya hab\u00eda en la causa.<\/p>\n\n\n\n<p>&#8220;De a poco se va resolviendo y va cayendo todo el entramado policial. Lo \u00fanico que queremos con mi familia es que si todos ellos participaron en el encubrimiento y en la desaparici\u00f3n de mi hermano que hablen y que digan d\u00f3nde est\u00e1&#8221;, dijo a T\u00e9lam Romina Escalante, hermana de Lucas.<\/p>\n\n\n\n<p>Las detenciones fueron realizadas la madrugada de este s\u00e1bado tras una serie de allanamientos efectuados por la Polic\u00eda Federal Argentina (PFA) y ser\u00e1n indagados el domingo, como coautores del&nbsp;delito de &#8220;encubrimiento calificado por ser el hecho precedente un delito especialmente grave y por su condici\u00f3n de funcionario p\u00fablico&#8221;.<\/p>\n\n\n\n<p>Rodr\u00edguez fue apresado en la SubDDI de Florencio Varela, mientras que los otros dos efectivos fueron arrestados en sus domicilios.<\/p>\n\n\n\n<p>Seg\u00fan los voceros, Asuntos Internos del Ministerio de Seguridad bonaerense separ\u00f3 a los polic\u00edas y los puso a disposici\u00f3n de la Justicia.<\/p>\n\n\n\n<p>&#8220;Se trabaj\u00f3 en coordinaci\u00f3n con la Justicia para que la fuerza policial act\u00fae con total transparencia&#8221;, asegur\u00f3 un vocero.<\/p>\n","protected":false},"excerpt":{"rendered":"<p>Tres efectivos de la polic\u00eda bonaerense fueron detenidos, acusados de haber participado en el encubrimiento&#8230;<\/p>\n","protected":false},"author":2,"featured_media":1992,"comment_status":"open","ping_status":"open","sticky":false,"template":"","format":"standard","meta":{"_jetpack_memberships_contains_paid_content":false,"footnotes":""},"categories":[7],"tags":[26],"class_list":["post-1991","post","type-post","status-publish","format-standard","has-post-thumbnail","hentry","category-florencio-varela","tag-florencio-varela"],"jetpack_featured_media_url":"https:\/\/i0.wp.com\/realidadsur.com.ar\/wp-content\/uploads\/2023\/11\/IMG_20231118_173019.jpg?fit=780%2C567&ssl=1","jetpack_sharing_enabled":true,"_links":{"self":[{"href":"https:\/\/realidadsur.com.ar\/index.php?rest_route=\/wp\/v2\/posts\/1991","targetHints":{"allow":["GET"]}}],"collection":[{"href":"https:\/\/realidadsur.com.ar\/index.php?rest_route=\/wp\/v2\/posts"}],"about":[{"href":"https:\/\/realidadsur.com.ar\/index.php?rest_route=\/wp\/v2\/types\/post"}],"author":[{"embeddable":true,"href":"https:\/\/realidadsur.com.ar\/index.php?rest_route=\/wp\/v2\/users\/2"}],"replies":[{"embeddable":true,"href":"https:\/\/realidadsur.com.ar\/index.php?rest_route=%2Fwp%2Fv2%2Fcomments&post=1991"}],"version-history":[{"count":1,"href":"https:\/\/realidadsur.com.ar\/index.php?rest_route=\/wp\/v2\/posts\/1991\/revisions"}],"predecessor-version":[{"id":1993,"href":"https:\/\/realidadsur.com.ar\/index.php?rest_route=\/wp\/v2\/posts\/1991\/revisions\/1993"}],"wp:featuredmedia":[{"embeddable":true,"href":"https:\/\/realidadsur.com.ar\/index.php?rest_route=\/wp\/v2\/media\/1992"}],"wp:attachment":[{"href":"https:\/\/realidadsur.com.ar\/index.php?rest_route=%2Fwp%2Fv2%2Fmedia&parent=1991"}],"wp:term":[{"taxonomy":"category","embeddable":true,"href":"https:\/\/realidadsur.com.ar\/index.php?rest_route=%2Fwp%2Fv2%2Fcategories&post=1991"},{"taxonomy":"post_tag","embeddable":true,"href":"https:\/\/realidadsur.com.ar\/index.php?rest_route=%2Fwp%2Fv2%2Ftags&post=1991"}],"curies":[{"name":"wp","href":"https:\/\/api.w.org\/{rel}","templated":true}]}}