{"id":2022,"date":"2023-11-20T20:47:14","date_gmt":"2023-11-20T23:47:14","guid":{"rendered":"https:\/\/realidadsur.com.ar\/?p=2022"},"modified":"2023-11-20T20:47:16","modified_gmt":"2023-11-20T23:47:16","slug":"milei-no-tiene-en-agenda-reunirse-con-alberto-fernandez","status":"publish","type":"post","link":"https:\/\/realidadsur.com.ar\/?p=2022","title":{"rendered":"MILEI NO TIENE EN AGENDA REUNIRSE CON ALBERTO FERN\u00c1NDEZ"},"content":{"rendered":"\n<p>El presidente electo, Javier Milei, afirm\u00f3 este lunes que &#8220;no hay ninguna reuni\u00f3n prevista&#8221; con el jefe de Estado, Alberto Fern\u00e1ndez, y ratific\u00f3 &#8220;el deseo de trabajar en defensa de la democracia y el comercio libre con todos los pa\u00edses del mundo&#8221;.<\/p>\n\n\n\n<p>En un comunicado difundido en la red social X, a trav\u00e9s de la cuenta Oficina del Presidente Javier Milei, se indic\u00f3 que hasta el momento&nbsp;&#8220;no hay ninguna reuni\u00f3n prevista entre el Presidente Alberto Fern\u00e1ndez y el Presidente Electo Javier Milei&#8221;.<\/p>\n\n\n\n<p>El documento publicado afirm\u00f3 que &#8220;desde horas tempranas de la ma\u00f1ana&#8221; Milei mantuvo conversaciones telef\u00f3nicas con &#8220;dignatarios extranjeros que se comunicaron con el fin de expresarle su apoyo&#8221;.<\/p>\n\n\n\n<p>En ese sentido, el presidente electo &#8220;ratific\u00f3 el deseo de trabajar en defensa de la democracia y el comercio libre con todos los pa\u00edses del mundo&#8221;, se\u00f1alaron.<\/p>\n\n\n\n<p>Asimismo, indicaron que &#8220;no habr\u00e1 ning\u00fan anuncio de nombramientos respecto a cargos del futuro gobierno hasta el d\u00eda de la asunci\u00f3n&#8221;.<\/p>\n\n\n\n<p>&#8220;Hasta el 10 de diciembre, el presidente Alberto Fern\u00e1ndez y el ministro de Econom\u00eda, Sergio Massa, son los responsables constitucionales de la situaci\u00f3n de los argentinos&#8221;, manifestaron desde el espacio de Milei.<\/p>\n","protected":false},"excerpt":{"rendered":"<p>El presidente electo, Javier Milei, afirm\u00f3 este lunes que &#8220;no hay ninguna reuni\u00f3n prevista&#8221; con&#8230;<\/p>\n","protected":false},"author":2,"featured_media":2023,"comment_status":"open","ping_status":"open","sticky":false,"template":"","format":"standard","meta":{"_jetpack_memberships_contains_paid_content":false,"footnotes":""},"categories":[3],"tags":[32,200],"class_list":["post-2022","post","type-post","status-publish","format-standard","has-post-thumbnail","hentry","category-nacion","tag-alberto-fernandez","tag-javier-milei"],"jetpack_featured_media_url":"https:\/\/i0.wp.com\/realidadsur.com.ar\/wp-content\/uploads\/2023\/11\/655acabfd619d_450.jpg?fit=450%2C253&ssl=1","jetpack_sharing_enabled":true,"_links":{"self":[{"href":"https:\/\/realidadsur.com.ar\/index.php?rest_route=\/wp\/v2\/posts\/2022","targetHints":{"allow":["GET"]}}],"collection":[{"href":"https:\/\/realidadsur.com.ar\/index.php?rest_route=\/wp\/v2\/posts"}],"about":[{"href":"https:\/\/realidadsur.com.ar\/index.php?rest_route=\/wp\/v2\/types\/post"}],"author":[{"embeddable":true,"href":"https:\/\/realidadsur.com.ar\/index.php?rest_route=\/wp\/v2\/users\/2"}],"replies":[{"embeddable":true,"href":"https:\/\/realidadsur.com.ar\/index.php?rest_route=%2Fwp%2Fv2%2Fcomments&post=2022"}],"version-history":[{"count":1,"href":"https:\/\/realidadsur.com.ar\/index.php?rest_route=\/wp\/v2\/posts\/2022\/revisions"}],"predecessor-version":[{"id":2024,"href":"https:\/\/realidadsur.com.ar\/index.php?rest_route=\/wp\/v2\/posts\/2022\/revisions\/2024"}],"wp:featuredmedia":[{"embeddable":true,"href":"https:\/\/realidadsur.com.ar\/index.php?rest_route=\/wp\/v2\/media\/2023"}],"wp:attachment":[{"href":"https:\/\/realidadsur.com.ar\/index.php?rest_route=%2Fwp%2Fv2%2Fmedia&parent=2022"}],"wp:term":[{"taxonomy":"category","embeddable":true,"href":"https:\/\/realidadsur.com.ar\/index.php?rest_route=%2Fwp%2Fv2%2Fcategories&post=2022"},{"taxonomy":"post_tag","embeddable":true,"href":"https:\/\/realidadsur.com.ar\/index.php?rest_route=%2Fwp%2Fv2%2Ftags&post=2022"}],"curies":[{"name":"wp","href":"https:\/\/api.w.org\/{rel}","templated":true}]}}