{"id":2025,"date":"2023-11-20T20:53:14","date_gmt":"2023-11-20T23:53:14","guid":{"rendered":"https:\/\/realidadsur.com.ar\/?p=2025"},"modified":"2023-11-20T20:53:15","modified_gmt":"2023-11-20T23:53:15","slug":"defensa-dos-importantes-jugadores-volverian-frente-a-san-lorenzo","status":"publish","type":"post","link":"https:\/\/realidadsur.com.ar\/?p=2025","title":{"rendered":"DEFENSA: DOS IMPORTANTES JUGADORES VOLVER\u00cdAN FRENTE A SAN LORENZO"},"content":{"rendered":"\n<p>El volante Gabriel Alanis y el delantero Nicol\u00e1s Fern\u00e1ndez dejaron atr\u00e1s sus lesiones y podr\u00e1n ser parte del equipo titular de Defensa y Justicia en el duelo frente a San Lorenzo por las semifinales de la Copa Argentina, a disputarse este jueves.<\/p>\n\n\n\n<p>El plantel del &#8216;Halc\u00f3n&#8217;, que dirige el DT Julio Vaccari, se entren\u00f3 este lunes en el Predio Jos\u00e9 Lemme de cara al cotejo.<br>Tanto &#8216;Uvita&#8217; Fern\u00e1ndez como Alan\u00eds no tuvieron inconvenientes desde lo f\u00edsico y trabajaron a la par de sus compa\u00f1eros y podr\u00edan alistarse desde el comienzo.<\/p>\n\n\n\n<p>El ganador del choque, que se jugar\u00e1 este jueves a las 21.10 en cancha de Lan\u00fas, se enfrentar\u00e1 al vencedor de la eliminatoria entre Boca Juniors y Estudiantes de La Plata, que ser\u00e1 resuelta este mi\u00e9rcoles, a las 21.15, en el estadio Mario Kempes de la ciudad de C\u00f3rdoba.<\/p>\n\n\n\n<p>Las entradas para los simpatizantes de Defensa y Justicia se expender\u00e1n en la sede del club, avenida San Mart\u00edn 2736, este mi\u00e9rcoles, entre las 11.00 y 18.00, adem\u00e1s del mismo d\u00eda del partido, entre las 10.00 y 16.00.<\/p>\n\n\n\n<p>Las localidades no se vender\u00e1n en el estadio y sus precios van de los 10 mil pesos (generales) a 15 mil (plateas).<\/p>\n","protected":false},"excerpt":{"rendered":"<p>El volante Gabriel Alanis y el delantero Nicol\u00e1s Fern\u00e1ndez dejaron atr\u00e1s sus lesiones y podr\u00e1n&#8230;<\/p>\n","protected":false},"author":2,"featured_media":1880,"comment_status":"open","ping_status":"open","sticky":false,"template":"","format":"standard","meta":{"_jetpack_memberships_contains_paid_content":false,"footnotes":""},"categories":[7],"tags":[734,61,26,699],"class_list":["post-2025","post","type-post","status-publish","format-standard","has-post-thumbnail","hentry","category-florencio-varela","tag-copa-argentina","tag-defensa-y-justicia","tag-florencio-varela","tag-san-lorenzo"],"jetpack_featured_media_url":"https:\/\/i0.wp.com\/realidadsur.com.ar\/wp-content\/uploads\/2023\/11\/655123897f0e4_450.jpg?fit=450%2C253&ssl=1","jetpack_sharing_enabled":true,"_links":{"self":[{"href":"https:\/\/realidadsur.com.ar\/index.php?rest_route=\/wp\/v2\/posts\/2025","targetHints":{"allow":["GET"]}}],"collection":[{"href":"https:\/\/realidadsur.com.ar\/index.php?rest_route=\/wp\/v2\/posts"}],"about":[{"href":"https:\/\/realidadsur.com.ar\/index.php?rest_route=\/wp\/v2\/types\/post"}],"author":[{"embeddable":true,"href":"https:\/\/realidadsur.com.ar\/index.php?rest_route=\/wp\/v2\/users\/2"}],"replies":[{"embeddable":true,"href":"https:\/\/realidadsur.com.ar\/index.php?rest_route=%2Fwp%2Fv2%2Fcomments&post=2025"}],"version-history":[{"count":1,"href":"https:\/\/realidadsur.com.ar\/index.php?rest_route=\/wp\/v2\/posts\/2025\/revisions"}],"predecessor-version":[{"id":2026,"href":"https:\/\/realidadsur.com.ar\/index.php?rest_route=\/wp\/v2\/posts\/2025\/revisions\/2026"}],"wp:featuredmedia":[{"embeddable":true,"href":"https:\/\/realidadsur.com.ar\/index.php?rest_route=\/wp\/v2\/media\/1880"}],"wp:attachment":[{"href":"https:\/\/realidadsur.com.ar\/index.php?rest_route=%2Fwp%2Fv2%2Fmedia&parent=2025"}],"wp:term":[{"taxonomy":"category","embeddable":true,"href":"https:\/\/realidadsur.com.ar\/index.php?rest_route=%2Fwp%2Fv2%2Fcategories&post=2025"},{"taxonomy":"post_tag","embeddable":true,"href":"https:\/\/realidadsur.com.ar\/index.php?rest_route=%2Fwp%2Fv2%2Ftags&post=2025"}],"curies":[{"name":"wp","href":"https:\/\/api.w.org\/{rel}","templated":true}]}}