{"id":2039,"date":"2023-11-22T16:47:40","date_gmt":"2023-11-22T19:47:40","guid":{"rendered":"https:\/\/realidadsur.com.ar\/?p=2039"},"modified":"2023-11-22T16:47:42","modified_gmt":"2023-11-22T19:47:42","slug":"el-presidente-electo-javier-milei-reunio-a-su-gabinete","status":"publish","type":"post","link":"https:\/\/realidadsur.com.ar\/?p=2039","title":{"rendered":"EL PRESIDENTE ELECTO JAVIER MILEI REUNI\u00d3 A SU GABINETE"},"content":{"rendered":"\n<p>El presidente electo&nbsp;Javier Milei mantuvo esta ma\u00f1ana en el Hotel Libertador una reuni\u00f3n con los integrantes de su futuro gabinete,&nbsp;seguir\u00e1 la jornada con encuentros con sus equipos t\u00e9cnicos y, por la tarde, tendr\u00e1 comunicaciones con l\u00edderes internacionales.<\/p>\n\n\n\n<p>As\u00ed lo inform\u00f3 la oficina del&nbsp;presidente electo en la cuenta oficial de la plataforma x,&nbsp;creada para informar sobre las actividades de Milei, de cara a la asunci\u00f3n del nuevo Gobierno el pr\u00f3ximo 10 de diciembre.<\/p>\n","protected":false},"excerpt":{"rendered":"<p>El presidente electo&nbsp;Javier Milei mantuvo esta ma\u00f1ana en el Hotel Libertador una reuni\u00f3n con los&#8230;<\/p>\n","protected":false},"author":2,"featured_media":2012,"comment_status":"open","ping_status":"open","sticky":false,"template":"","format":"standard","meta":{"_jetpack_memberships_contains_paid_content":false,"footnotes":""},"categories":[3],"tags":[200,740],"class_list":["post-2039","post","type-post","status-publish","format-standard","has-post-thumbnail","hentry","category-nacion","tag-javier-milei","tag-nuevo-gabinete"],"jetpack_featured_media_url":"https:\/\/i0.wp.com\/realidadsur.com.ar\/wp-content\/uploads\/2023\/11\/655acac0352dd_450.jpg?fit=450%2C253&ssl=1","jetpack_sharing_enabled":true,"_links":{"self":[{"href":"https:\/\/realidadsur.com.ar\/index.php?rest_route=\/wp\/v2\/posts\/2039","targetHints":{"allow":["GET"]}}],"collection":[{"href":"https:\/\/realidadsur.com.ar\/index.php?rest_route=\/wp\/v2\/posts"}],"about":[{"href":"https:\/\/realidadsur.com.ar\/index.php?rest_route=\/wp\/v2\/types\/post"}],"author":[{"embeddable":true,"href":"https:\/\/realidadsur.com.ar\/index.php?rest_route=\/wp\/v2\/users\/2"}],"replies":[{"embeddable":true,"href":"https:\/\/realidadsur.com.ar\/index.php?rest_route=%2Fwp%2Fv2%2Fcomments&post=2039"}],"version-history":[{"count":1,"href":"https:\/\/realidadsur.com.ar\/index.php?rest_route=\/wp\/v2\/posts\/2039\/revisions"}],"predecessor-version":[{"id":2040,"href":"https:\/\/realidadsur.com.ar\/index.php?rest_route=\/wp\/v2\/posts\/2039\/revisions\/2040"}],"wp:featuredmedia":[{"embeddable":true,"href":"https:\/\/realidadsur.com.ar\/index.php?rest_route=\/wp\/v2\/media\/2012"}],"wp:attachment":[{"href":"https:\/\/realidadsur.com.ar\/index.php?rest_route=%2Fwp%2Fv2%2Fmedia&parent=2039"}],"wp:term":[{"taxonomy":"category","embeddable":true,"href":"https:\/\/realidadsur.com.ar\/index.php?rest_route=%2Fwp%2Fv2%2Fcategories&post=2039"},{"taxonomy":"post_tag","embeddable":true,"href":"https:\/\/realidadsur.com.ar\/index.php?rest_route=%2Fwp%2Fv2%2Ftags&post=2039"}],"curies":[{"name":"wp","href":"https:\/\/api.w.org\/{rel}","templated":true}]}}