{"id":2092,"date":"2023-11-24T22:57:24","date_gmt":"2023-11-25T01:57:24","guid":{"rendered":"https:\/\/realidadsur.com.ar\/?p=2092"},"modified":"2023-11-24T22:57:26","modified_gmt":"2023-11-25T01:57:26","slug":"milei-ratifico-que-cerrara-el-banco-central","status":"publish","type":"post","link":"https:\/\/realidadsur.com.ar\/?p=2092","title":{"rendered":"MILEI RATIFIC\u00d3 QUE CERRAR\u00c1 EL BANCO CENTRAL"},"content":{"rendered":"\n<p>El presidente electo Javier Milei ratific\u00f3 este viernes que su idea de cerrar el Banco Central &#8220;no es un asunto negociable&#8221; y confirm\u00f3 las designaciones de&nbsp;Osvaldo Giordano&nbsp;al frente de la Administraci\u00f3n Nacional de la Seguridad Social (Anses) y de&nbsp;Horacio Mar\u00edn&nbsp;como titular de YPF.<\/p>\n\n\n\n<p>Por su parte, la vicepresidenta electa&nbsp;Victoria Villarruel&nbsp;y la designada canciller&nbsp;Diana Mondino&nbsp;coincidieron en que los ministros del Gabinete ser\u00e1n confirmados &#8220;a partir del 10 de diciembre&#8221;, fecha prevista para el cambio de Gobierno, por el propio Milei.<\/p>\n\n\n\n<p>&#8220;El economista Osvaldo Giordano ser\u00e1 el titular de la Anses y el ingeniero Horacio Mar\u00edn estar\u00e1 al frente de YPF a partir del 10 de diciembre&#8221;, se inform\u00f3 en la cuenta oficial de la oficina del Presidente electo en la plataforma X.<\/p>\n\n\n\n<p>En el comunicado de la oficina de Milei se indic\u00f3 tambi\u00e9n que &#8220;ante los falsos rumores difundidos, el cierre del Banco Central no es un asunto negociable&#8221; y anunci\u00f3 que Milei se preparaba para mantener &#8220;una comunicaci\u00f3n telef\u00f3nica con el presidente de Corea del Sur, Yoon Suk-yeol&#8221;.<\/p>\n\n\n\n<p>&#8220;La \u00fanica informaci\u00f3n oficial sobre el futuro gobierno, encabezado por Javier Milei,&nbsp;es la publicada por este medio&#8221;, insistieron desde la cuenta @OPEArg en X, luego de la jornada de ayer en la que hubo diferentes versiones sobre los posibles nombramientos.<\/p>\n\n\n\n<p>Al caso de la diputada nacional por La Libertad Avanza (LLA),&nbsp;Carolina Piparo, que ayer anunci\u00f3 una reuni\u00f3n de transici\u00f3n con la actual titular de Anses,&nbsp;Fernanda Raverta, pero que luego fue reemplazada en esa funci\u00f3n por Giordano, se suman las versiones -que trascienden desde ayer- en torno al arribo de la titular del PRO,&nbsp;Patricia Bullrich, al Ministerio de Seguridad, y el del exministro de Finanzas,&nbsp;Luis &#8220;Toto&#8221; Caputo&#8221;, a la cartera de Econom\u00eda, ambos exfuncionarios de la administraci\u00f3n de&nbsp;Mauricio Macri.<\/p>\n\n\n\n<p>&#8220;Es normal que haya mucha expectativa sobre quienes van a ser los ministros y el nuevo Gobierno. Los anuncios se har\u00e1n a partir del 10 de diciembre. La decisi\u00f3n de transmitir eso es del presidente Milei&#8221;, dijo Villarruel en declaraciones a la prensa desde el Departamento Central de la Polic\u00eda Federal, donde convers\u00f3 con los oficiales sobre c\u00f3mo pueden &#8220;desarrollar su actividad con mayor eficiencia&#8221;.<\/p>\n\n\n\n<p>&#8220;No he hablado en las ultimas horas con Bullrich. Estamos a contrareloj en todas las \u00e1reas, pero eso no implica ning\u00fan gesto en particular. Estamos todos trabajando y reuni\u00e9ndonos. Seguramente en el d\u00eda de hoy (por este viernes) hable con ella&#8221;, a\u00f1adi\u00f3 al ser consultada por la dirigente del PRO que probablemente ocupe el cargo de titular de la cartera de Seguridad.<\/p>\n","protected":false},"excerpt":{"rendered":"<p>El presidente electo Javier Milei ratific\u00f3 este viernes que su idea de cerrar el Banco&#8230;<\/p>\n","protected":false},"author":2,"featured_media":2093,"comment_status":"open","ping_status":"open","sticky":false,"template":"","format":"standard","meta":{"_jetpack_memberships_contains_paid_content":false,"footnotes":""},"categories":[3],"tags":[759,200],"class_list":["post-2092","post","type-post","status-publish","format-standard","has-post-thumbnail","hentry","category-nacion","tag-banco-central","tag-javier-milei"],"jetpack_featured_media_url":"https:\/\/i0.wp.com\/realidadsur.com.ar\/wp-content\/uploads\/2023\/11\/6554fd455be64_450.jpg?fit=450%2C253&ssl=1","jetpack_sharing_enabled":true,"_links":{"self":[{"href":"https:\/\/realidadsur.com.ar\/index.php?rest_route=\/wp\/v2\/posts\/2092","targetHints":{"allow":["GET"]}}],"collection":[{"href":"https:\/\/realidadsur.com.ar\/index.php?rest_route=\/wp\/v2\/posts"}],"about":[{"href":"https:\/\/realidadsur.com.ar\/index.php?rest_route=\/wp\/v2\/types\/post"}],"author":[{"embeddable":true,"href":"https:\/\/realidadsur.com.ar\/index.php?rest_route=\/wp\/v2\/users\/2"}],"replies":[{"embeddable":true,"href":"https:\/\/realidadsur.com.ar\/index.php?rest_route=%2Fwp%2Fv2%2Fcomments&post=2092"}],"version-history":[{"count":1,"href":"https:\/\/realidadsur.com.ar\/index.php?rest_route=\/wp\/v2\/posts\/2092\/revisions"}],"predecessor-version":[{"id":2094,"href":"https:\/\/realidadsur.com.ar\/index.php?rest_route=\/wp\/v2\/posts\/2092\/revisions\/2094"}],"wp:featuredmedia":[{"embeddable":true,"href":"https:\/\/realidadsur.com.ar\/index.php?rest_route=\/wp\/v2\/media\/2093"}],"wp:attachment":[{"href":"https:\/\/realidadsur.com.ar\/index.php?rest_route=%2Fwp%2Fv2%2Fmedia&parent=2092"}],"wp:term":[{"taxonomy":"category","embeddable":true,"href":"https:\/\/realidadsur.com.ar\/index.php?rest_route=%2Fwp%2Fv2%2Fcategories&post=2092"},{"taxonomy":"post_tag","embeddable":true,"href":"https:\/\/realidadsur.com.ar\/index.php?rest_route=%2Fwp%2Fv2%2Ftags&post=2092"}],"curies":[{"name":"wp","href":"https:\/\/api.w.org\/{rel}","templated":true}]}}