{"id":2096,"date":"2023-11-24T23:03:32","date_gmt":"2023-11-25T02:03:32","guid":{"rendered":"https:\/\/realidadsur.com.ar\/?p=2096"},"modified":"2023-11-24T23:03:33","modified_gmt":"2023-11-25T02:03:33","slug":"un-berazateguense-intentara-hacer-cumbre-en-el-aconcagua","status":"publish","type":"post","link":"https:\/\/realidadsur.com.ar\/?p=2096","title":{"rendered":"UN BERAZATEGUENSE INTENTAR\u00c1 HACER CUMBRE EN EL ACONCAGUA"},"content":{"rendered":"\n<p>El deportista berazateguense Germ\u00e1n Araya intentar\u00e1 hacer cumbre en el cerro Aconcagua, de 6.962 metros, con el objetivo de dejar la bandera de Berazategui en lo m\u00e1s alto. Lo acompa\u00f1ar\u00e1n sus amigos Andr\u00e9s Vellano y Diego Rojas, con quienes comparte la pasi\u00f3n por el trekking desde hace varios a\u00f1os.<\/p>\n\n\n\n<p>En este sentido, Araya cuenta: \u201cHace tres a\u00f1os me cruc\u00e9 con dos chicos que escalaban monta\u00f1as, quienes me insistieron en que yo estaba bien f\u00edsicamente para sumarme a ellos, ya que siempre hice deportes. Ya hemos hecho traves\u00edas de 3.000 a 5.000 metros. Cuando me dijeron para intentarlo en el Aconcagua, les dije autom\u00e1ticamente que s\u00ed. Me enorgullece vivir en Berazategui y quiero dejar la bandera en lo m\u00e1s alto\u201d.<\/p>\n\n\n\n<p>La traves\u00eda comenzar\u00e1 a principios de enero. Primero, se dirigir\u00e1n a Vallecitos (situado en Luj\u00e1n de Cuyo, Mendoza); y, posteriormente, tratar\u00e1n de hacer cumbre en el cerro El Plata, de 5.968 metros. Luego, se trasladar\u00e1n al Parque Provincial Aconcagua para cumplir con la meta.<\/p>\n\n\n\n<p>\u201cEl trekking es algo muy lindo, sirve para despejar la cabeza y le hace bien al cuerpo. Es una pasi\u00f3n, lo hago desde hace 20 a\u00f1os. Lo que m\u00e1s disfruto es estar con la naturaleza. Los que vivimos en grandes ciudades nos acostumbramos a este ritmo, pero cuando estoy al aire libre, me conecto con otras sensaciones; una felicidad que no encuentro en otro lado\u201d, finaliza Araya.<\/p>\n","protected":false},"excerpt":{"rendered":"<p>El deportista berazateguense Germ\u00e1n Araya intentar\u00e1 hacer cumbre en el cerro Aconcagua, de 6.962 metros,&#8230;<\/p>\n","protected":false},"author":2,"featured_media":2097,"comment_status":"open","ping_status":"open","sticky":false,"template":"","format":"standard","meta":{"_jetpack_memberships_contains_paid_content":false,"footnotes":""},"categories":[6,3],"tags":[11],"class_list":["post-2096","post","type-post","status-publish","format-standard","has-post-thumbnail","hentry","category-berazategui","category-nacion","tag-berazategui"],"jetpack_featured_media_url":"https:\/\/i0.wp.com\/realidadsur.com.ar\/wp-content\/uploads\/2023\/11\/UN-BERAZATEGUENSE-INTENTARA-HACER-CUMBRE-EN-EL-ACONCAGUA.jpg?fit=777%2C1600&ssl=1","jetpack_sharing_enabled":true,"_links":{"self":[{"href":"https:\/\/realidadsur.com.ar\/index.php?rest_route=\/wp\/v2\/posts\/2096","targetHints":{"allow":["GET"]}}],"collection":[{"href":"https:\/\/realidadsur.com.ar\/index.php?rest_route=\/wp\/v2\/posts"}],"about":[{"href":"https:\/\/realidadsur.com.ar\/index.php?rest_route=\/wp\/v2\/types\/post"}],"author":[{"embeddable":true,"href":"https:\/\/realidadsur.com.ar\/index.php?rest_route=\/wp\/v2\/users\/2"}],"replies":[{"embeddable":true,"href":"https:\/\/realidadsur.com.ar\/index.php?rest_route=%2Fwp%2Fv2%2Fcomments&post=2096"}],"version-history":[{"count":1,"href":"https:\/\/realidadsur.com.ar\/index.php?rest_route=\/wp\/v2\/posts\/2096\/revisions"}],"predecessor-version":[{"id":2098,"href":"https:\/\/realidadsur.com.ar\/index.php?rest_route=\/wp\/v2\/posts\/2096\/revisions\/2098"}],"wp:featuredmedia":[{"embeddable":true,"href":"https:\/\/realidadsur.com.ar\/index.php?rest_route=\/wp\/v2\/media\/2097"}],"wp:attachment":[{"href":"https:\/\/realidadsur.com.ar\/index.php?rest_route=%2Fwp%2Fv2%2Fmedia&parent=2096"}],"wp:term":[{"taxonomy":"category","embeddable":true,"href":"https:\/\/realidadsur.com.ar\/index.php?rest_route=%2Fwp%2Fv2%2Fcategories&post=2096"},{"taxonomy":"post_tag","embeddable":true,"href":"https:\/\/realidadsur.com.ar\/index.php?rest_route=%2Fwp%2Fv2%2Ftags&post=2096"}],"curies":[{"name":"wp","href":"https:\/\/api.w.org\/{rel}","templated":true}]}}