{"id":2280,"date":"2023-12-02T12:45:37","date_gmt":"2023-12-02T15:45:37","guid":{"rendered":"https:\/\/realidadsur.com.ar\/?p=2280"},"modified":"2023-12-02T12:45:38","modified_gmt":"2023-12-02T15:45:38","slug":"cesantearon-al-funcionario-de-la-afip-acusado-de-espionaje-ilegal","status":"publish","type":"post","link":"https:\/\/realidadsur.com.ar\/?p=2280","title":{"rendered":"CESANTEARON AL FUNCIONARIO DE LA AFIP ACUSADO DE ESPIONAJE ILEGAL"},"content":{"rendered":"\n<p>El Gobierno nacional oficializ\u00f3 el cese en el cargo del subdirector general de Servicios al Contribuyente de la Administraci\u00f3n Federal de Ingresos P\u00fablicos (AFIP), N\u00e9stor Fabi\u00e1n Rodr\u00edguez, en el marco de la investigaci\u00f3n judicial que se lleva adelante por supuestos v\u00ednculos con el ex polic\u00eda Ariel Zanchetta, quien se encuentra detenido en una causa por espionaje ilegal.<\/p>\n\n\n\n<p>La decisi\u00f3n fue oficializada mediante el Decreto 653\/2023 con la firma del presidente, Alberto Fern\u00e1ndez; y del jefe de Gabinete, Agust\u00edn Rossi, publicado hoy en el Bolet\u00edn Oficial.<\/p>\n\n\n\n<p>Rodr\u00edguez fue designado el 4 de abril del 2023 mediante la disposici\u00f3n de la AFIP N\u00b0 69.<\/p>\n\n\n\n<p>En los considerandos de la medida se indica que \u201catento los hechos de p\u00fablico conocimiento, en la presente instancia resulta necesario disponer el cese del mencionado funcionario en el cargo citado precedentemente\u201d.<\/p>\n\n\n\n<p>Rodr\u00edguez es investigado por la justicia en el marco de la causa por supuesto espionaje ilegal en la que est\u00e1 detenido el acusado Ariel Zanchetta que lleva adelante el juez federal Marcelo Mart\u00ednez de Giorgi.<\/p>\n\n\n\n<p>En los primeros d\u00edas de noviembre, Mart\u00ednez de Giorgi rechaz\u00f3 un pedido de la fiscal\u00eda para lograr la detenci\u00f3n de Rodr\u00edguez, en la causa en la que se encontraron comunicaciones con un ex polic\u00eda que se presentaba como periodista y est\u00e1 acusado de espionaje ilegal, a la vez que prohibi\u00f3 la salida del pa\u00eds del funcionario.<\/p>\n\n\n\n<p>El pedido hab\u00eda sido formulado por el fiscal Gerardo Pollicita y ten\u00eda por objetivo tomarle declaraci\u00f3n indagatoria a Rodr\u00edguez y secuestrarle el tel\u00e9fono celular.<\/p>\n\n\n\n<p>Rodr\u00edguez entreg\u00f3 el pasado 10 de noviembre su tel\u00e9fono celular y su pasaporte en el juzgado federal de Mart\u00ednez De Giorgi.<\/p>\n\n\n\n<p>El ahora exfuncionario se present\u00f3 de manera espont\u00e1nea en tribunales para aportar esos elementos, junto a los letrados Hern\u00e1n Folgueiro y Joao Nieto, ya que no hab\u00eda sido citado por Mart\u00ednez De Giorgi.<\/p>\n\n\n\n<p>\u201cNo tengo nada que ver\u201d, dijo Rodr\u00edguez a periodistas que lo aguardaban a la salida del juzgado en relaci\u00f3n al expediente al que todav\u00eda su defensa no tuvo acceso.<\/p>\n\n\n\n<p>En la causa est\u00e1 detenido y procesado Ariel Pedro Zanchetta, acusado de realizar espionaje ilegal a diferentes v\u00edctimas<\/p>\n\n\n\n<p>Zanchetta qued\u00f3 bajo la lupa del Poder Judicial en el marco de la causa en la que se investiga el supuesto hackeo y la activaci\u00f3n irregular de l\u00edneas de telefon\u00eda celular a distintos jueces federales y de la Corte Suprema.<\/p>\n\n\n\n<p>En la causa tambi\u00e9n est\u00e1 detenido el joven misionero El\u00edas Ezequiel Nu\u00f1es Pinheiro, quien ya declar\u00f3 en diferentes expedientes vinculados a hackeos, y reconoci\u00f3 haber hecho maniobras de duplicaci\u00f3n de SIM.<\/p>\n","protected":false},"excerpt":{"rendered":"<p>El Gobierno nacional oficializ\u00f3 el cese en el cargo del subdirector general de Servicios al&#8230;<\/p>\n","protected":false},"author":2,"featured_media":2281,"comment_status":"open","ping_status":"open","sticky":false,"template":"","format":"standard","meta":{"_jetpack_memberships_contains_paid_content":false,"footnotes":""},"categories":[3],"tags":[841,842],"class_list":["post-2280","post","type-post","status-publish","format-standard","has-post-thumbnail","hentry","category-nacion","tag-conu-rodriguez","tag-espionaje-ilegal"],"jetpack_featured_media_url":"https:\/\/i0.wp.com\/realidadsur.com.ar\/wp-content\/uploads\/2023\/12\/Conu-Rodriguez.jpg?fit=800%2C600&ssl=1","jetpack_sharing_enabled":true,"_links":{"self":[{"href":"https:\/\/realidadsur.com.ar\/index.php?rest_route=\/wp\/v2\/posts\/2280","targetHints":{"allow":["GET"]}}],"collection":[{"href":"https:\/\/realidadsur.com.ar\/index.php?rest_route=\/wp\/v2\/posts"}],"about":[{"href":"https:\/\/realidadsur.com.ar\/index.php?rest_route=\/wp\/v2\/types\/post"}],"author":[{"embeddable":true,"href":"https:\/\/realidadsur.com.ar\/index.php?rest_route=\/wp\/v2\/users\/2"}],"replies":[{"embeddable":true,"href":"https:\/\/realidadsur.com.ar\/index.php?rest_route=%2Fwp%2Fv2%2Fcomments&post=2280"}],"version-history":[{"count":1,"href":"https:\/\/realidadsur.com.ar\/index.php?rest_route=\/wp\/v2\/posts\/2280\/revisions"}],"predecessor-version":[{"id":2282,"href":"https:\/\/realidadsur.com.ar\/index.php?rest_route=\/wp\/v2\/posts\/2280\/revisions\/2282"}],"wp:featuredmedia":[{"embeddable":true,"href":"https:\/\/realidadsur.com.ar\/index.php?rest_route=\/wp\/v2\/media\/2281"}],"wp:attachment":[{"href":"https:\/\/realidadsur.com.ar\/index.php?rest_route=%2Fwp%2Fv2%2Fmedia&parent=2280"}],"wp:term":[{"taxonomy":"category","embeddable":true,"href":"https:\/\/realidadsur.com.ar\/index.php?rest_route=%2Fwp%2Fv2%2Fcategories&post=2280"},{"taxonomy":"post_tag","embeddable":true,"href":"https:\/\/realidadsur.com.ar\/index.php?rest_route=%2Fwp%2Fv2%2Ftags&post=2280"}],"curies":[{"name":"wp","href":"https:\/\/api.w.org\/{rel}","templated":true}]}}