{"id":2283,"date":"2023-12-02T12:50:32","date_gmt":"2023-12-02T15:50:32","guid":{"rendered":"https:\/\/realidadsur.com.ar\/?p=2283"},"modified":"2023-12-02T12:50:33","modified_gmt":"2023-12-02T15:50:33","slug":"anses-renuncio-raverta","status":"publish","type":"post","link":"https:\/\/realidadsur.com.ar\/?p=2283","title":{"rendered":"ANSES: RENUNCI\u00d3 RAVERTA"},"content":{"rendered":"\n<p>La titular de la Anses, Fernanda Raverta, y la secretaria de Asuntos Estrat\u00e9gicos, Mercedes Marc\u00f3 del Pont, presentaron sus renuncias a partir del fin de la actual administraci\u00f3n nacional el pr\u00f3ximo 10 de diciembre, con el fin de facilitar la transici\u00f3n presidencial; al igual que el presidente de la Autoridad de Cuenca Matanza Riachuelo (Acumar), Mart\u00edn Sabbatella, y diversos funcionarios de los ministerios de Desarrollo Territorial y H\u00e1bitat, y de Trabajo.<\/p>\n\n\n\n<p>Los ceses de funciones fueron dispuestos mediante los decretos 661\/2023, 663\/2023, 664\/2023 y 665\/2023 publicados en el Bolet\u00edn Oficial, de cara a la transici\u00f3n presidencial.<\/p>\n\n\n\n<p>Sabbatella es presidente del Acumar desde el 17 de enero de 2020, un mes despu\u00e9s de iniciar la actual gesti\u00f3n.<\/p>\n\n\n\n<p>En el caso de Marc\u00f3 del Pont, se desempe\u00f1a como secretaria de Asuntos Estrat\u00e9gicos \u2013una Secretar\u00eda de Estado con rango de ministerio- desde agosto del a\u00f1o pasado cuando reemplaz\u00f3 a Gustavo B\u00e9liz.<\/p>\n\n\n\n<p>Previamente, en la gesti\u00f3n en funciones, fue la titular de la Administraci\u00f3n Federal de Ingresos P\u00fablicos (AFIP), siendo sustituida por Carlos Castagneto.<\/p>\n","protected":false},"excerpt":{"rendered":"<p>La titular de la Anses, Fernanda Raverta, y la secretaria de Asuntos Estrat\u00e9gicos, Mercedes Marc\u00f3&#8230;<\/p>\n","protected":false},"author":2,"featured_media":2284,"comment_status":"open","ping_status":"open","sticky":false,"template":"","format":"standard","meta":{"_jetpack_memberships_contains_paid_content":false,"footnotes":""},"categories":[3],"tags":[18,17],"class_list":["post-2283","post","type-post","status-publish","format-standard","has-post-thumbnail","hentry","category-nacion","tag-anses","tag-fernanda-raverta"],"jetpack_featured_media_url":"https:\/\/i0.wp.com\/realidadsur.com.ar\/wp-content\/uploads\/2023\/12\/Fernanda-Raverta.jpg?fit=1200%2C675&ssl=1","jetpack_sharing_enabled":true,"_links":{"self":[{"href":"https:\/\/realidadsur.com.ar\/index.php?rest_route=\/wp\/v2\/posts\/2283","targetHints":{"allow":["GET"]}}],"collection":[{"href":"https:\/\/realidadsur.com.ar\/index.php?rest_route=\/wp\/v2\/posts"}],"about":[{"href":"https:\/\/realidadsur.com.ar\/index.php?rest_route=\/wp\/v2\/types\/post"}],"author":[{"embeddable":true,"href":"https:\/\/realidadsur.com.ar\/index.php?rest_route=\/wp\/v2\/users\/2"}],"replies":[{"embeddable":true,"href":"https:\/\/realidadsur.com.ar\/index.php?rest_route=%2Fwp%2Fv2%2Fcomments&post=2283"}],"version-history":[{"count":1,"href":"https:\/\/realidadsur.com.ar\/index.php?rest_route=\/wp\/v2\/posts\/2283\/revisions"}],"predecessor-version":[{"id":2285,"href":"https:\/\/realidadsur.com.ar\/index.php?rest_route=\/wp\/v2\/posts\/2283\/revisions\/2285"}],"wp:featuredmedia":[{"embeddable":true,"href":"https:\/\/realidadsur.com.ar\/index.php?rest_route=\/wp\/v2\/media\/2284"}],"wp:attachment":[{"href":"https:\/\/realidadsur.com.ar\/index.php?rest_route=%2Fwp%2Fv2%2Fmedia&parent=2283"}],"wp:term":[{"taxonomy":"category","embeddable":true,"href":"https:\/\/realidadsur.com.ar\/index.php?rest_route=%2Fwp%2Fv2%2Fcategories&post=2283"},{"taxonomy":"post_tag","embeddable":true,"href":"https:\/\/realidadsur.com.ar\/index.php?rest_route=%2Fwp%2Fv2%2Ftags&post=2283"}],"curies":[{"name":"wp","href":"https:\/\/api.w.org\/{rel}","templated":true}]}}