{"id":2286,"date":"2023-12-02T12:56:50","date_gmt":"2023-12-02T15:56:50","guid":{"rendered":"https:\/\/realidadsur.com.ar\/?p=2286"},"modified":"2023-12-02T12:56:52","modified_gmt":"2023-12-02T15:56:52","slug":"atencion-el-ramal-bosques-del-roca-con-servicios-limitados","status":"publish","type":"post","link":"https:\/\/realidadsur.com.ar\/?p=2286","title":{"rendered":"ATENCI\u00d3N: EL RAMAL BOSQUES DEL ROCA CON SERVICIOS LIMITADOS"},"content":{"rendered":"\n<p>La L\u00ednea del Tren Roca ramal Bosques presentar\u00e1 servicios limitados este s\u00e1bado y domingo por obras en la zona de v\u00edas a la altura de las localidades bonaerenses de Quilmes, Temperley y Guti\u00e9rrez, inform\u00f3 Trenes Argentinos.<\/p>\n\n\n\n<p>El ramal Bosques v\u00eda Temperley circular\u00e1 con un recorrido limitado entre Plaza Constituci\u00f3n y Temperley, por la renovaci\u00f3n de v\u00edas en estaci\u00f3n Florencio Varela. En tanto, la empresa inform\u00f3 que entre Bosques y Guti\u00e9rrez el servicio permanecer\u00e1 interrumpido durante este fin de semana.<\/p>\n\n\n\n<p>Seg\u00fan informaron las fuentes ferroviarias consultadas, el ramal Plaza Constituci\u00f3n &#8211; Bosques v\u00eda Quilmes circular\u00e1 con recorrido limitado entre Plaza Constituci\u00f3n y Berazategui, por obras en zona de v\u00edas.<\/p>\n\n\n\n<p>Aquella situaci\u00f3n se debe a que los trenes Bosques de la l\u00ednea de ferrocarril Roca circular\u00e1n con recorridos limitados por obras y tareas de mantenimiento en la zona de v\u00edas, record\u00f3 la empresa Trenes Argentinos.<\/p>\n","protected":false},"excerpt":{"rendered":"<p>La L\u00ednea del Tren Roca ramal Bosques presentar\u00e1 servicios limitados este s\u00e1bado y domingo por&#8230;<\/p>\n","protected":false},"author":2,"featured_media":2287,"comment_status":"open","ping_status":"open","sticky":false,"template":"","format":"standard","meta":{"_jetpack_memberships_contains_paid_content":false,"footnotes":""},"categories":[450,6,7,5],"tags":[843,125],"class_list":["post-2286","post","type-post","status-publish","format-standard","has-post-thumbnail","hentry","category-avellaneda","category-berazategui","category-florencio-varela","category-quilmes","tag-servicios-reducidos","tag-tren-roca"],"jetpack_featured_media_url":"https:\/\/i0.wp.com\/realidadsur.com.ar\/wp-content\/uploads\/2023\/12\/Tren-Roca-en-la-estacion-Bosques.jpg?fit=1000%2C561&ssl=1","jetpack_sharing_enabled":true,"_links":{"self":[{"href":"https:\/\/realidadsur.com.ar\/index.php?rest_route=\/wp\/v2\/posts\/2286","targetHints":{"allow":["GET"]}}],"collection":[{"href":"https:\/\/realidadsur.com.ar\/index.php?rest_route=\/wp\/v2\/posts"}],"about":[{"href":"https:\/\/realidadsur.com.ar\/index.php?rest_route=\/wp\/v2\/types\/post"}],"author":[{"embeddable":true,"href":"https:\/\/realidadsur.com.ar\/index.php?rest_route=\/wp\/v2\/users\/2"}],"replies":[{"embeddable":true,"href":"https:\/\/realidadsur.com.ar\/index.php?rest_route=%2Fwp%2Fv2%2Fcomments&post=2286"}],"version-history":[{"count":1,"href":"https:\/\/realidadsur.com.ar\/index.php?rest_route=\/wp\/v2\/posts\/2286\/revisions"}],"predecessor-version":[{"id":2288,"href":"https:\/\/realidadsur.com.ar\/index.php?rest_route=\/wp\/v2\/posts\/2286\/revisions\/2288"}],"wp:featuredmedia":[{"embeddable":true,"href":"https:\/\/realidadsur.com.ar\/index.php?rest_route=\/wp\/v2\/media\/2287"}],"wp:attachment":[{"href":"https:\/\/realidadsur.com.ar\/index.php?rest_route=%2Fwp%2Fv2%2Fmedia&parent=2286"}],"wp:term":[{"taxonomy":"category","embeddable":true,"href":"https:\/\/realidadsur.com.ar\/index.php?rest_route=%2Fwp%2Fv2%2Fcategories&post=2286"},{"taxonomy":"post_tag","embeddable":true,"href":"https:\/\/realidadsur.com.ar\/index.php?rest_route=%2Fwp%2Fv2%2Ftags&post=2286"}],"curies":[{"name":"wp","href":"https:\/\/api.w.org\/{rel}","templated":true}]}}