{"id":2289,"date":"2023-12-02T13:01:30","date_gmt":"2023-12-02T16:01:30","guid":{"rendered":"https:\/\/realidadsur.com.ar\/?p=2289"},"modified":"2023-12-02T13:01:32","modified_gmt":"2023-12-02T16:01:32","slug":"la-libertad-avanza-designo-autoridades-en-diputados-y-senadores","status":"publish","type":"post","link":"https:\/\/realidadsur.com.ar\/?p=2289","title":{"rendered":"LA LIBERTAD AVANZA DESIGN\u00d3 AUTORIDADES EN DIPUTADOS Y SENADORES"},"content":{"rendered":"\n<p>El designado ministro del Interior de Javier Milei, Guillermo Francos, confirm\u00f3 este s\u00e1bado que Mart\u00edn Menem ser\u00e1 propuesto por La Libertad Avanza (LLA) para presidir la C\u00e1mara de Diputados a partir del pr\u00f3ximo 10 de diciembre, en tanto que el formose\u00f1o Francisco Paoltroni ser\u00e1 postulado para liderar el Senado.<\/p>\n\n\n\n<p>&#8220;El Presidente electo ha decidido que ambas c\u00e1maras est\u00e9n presididas por dirigentes de La Libertad <a><\/a>Avanza&#8221;, revel\u00f3 Francos est\u00e1 ma\u00f1ana en di\u00e1logo con radio Mitre.<\/p>\n\n\n\n<p>En esa l\u00ednea, adelant\u00f3 que Mart\u00edn Menem &#8220;va a ser propuesto por el presidente electo como candidato a presidir la C\u00e1mara de Diputados y en caso del Senado va a proponer a Paoltroni de Formosa\u201d.<\/p>\n","protected":false},"excerpt":{"rendered":"<p>El designado ministro del Interior de Javier Milei, Guillermo Francos, confirm\u00f3 este s\u00e1bado que Mart\u00edn&#8230;<\/p>\n","protected":false},"author":2,"featured_media":2290,"comment_status":"open","ping_status":"open","sticky":false,"template":"","format":"standard","meta":{"_jetpack_memberships_contains_paid_content":false,"footnotes":""},"categories":[3],"tags":[844,200,845],"class_list":["post-2289","post","type-post","status-publish","format-standard","has-post-thumbnail","hentry","category-nacion","tag-guillero-francos","tag-javier-milei","tag-nuevas-presidencias-en-diputados-y-senadores"],"jetpack_featured_media_url":"https:\/\/i0.wp.com\/realidadsur.com.ar\/wp-content\/uploads\/2023\/12\/Nuevas-autoridades-en-la-Legislatura.jpg?fit=1200%2C675&ssl=1","jetpack_sharing_enabled":true,"_links":{"self":[{"href":"https:\/\/realidadsur.com.ar\/index.php?rest_route=\/wp\/v2\/posts\/2289","targetHints":{"allow":["GET"]}}],"collection":[{"href":"https:\/\/realidadsur.com.ar\/index.php?rest_route=\/wp\/v2\/posts"}],"about":[{"href":"https:\/\/realidadsur.com.ar\/index.php?rest_route=\/wp\/v2\/types\/post"}],"author":[{"embeddable":true,"href":"https:\/\/realidadsur.com.ar\/index.php?rest_route=\/wp\/v2\/users\/2"}],"replies":[{"embeddable":true,"href":"https:\/\/realidadsur.com.ar\/index.php?rest_route=%2Fwp%2Fv2%2Fcomments&post=2289"}],"version-history":[{"count":1,"href":"https:\/\/realidadsur.com.ar\/index.php?rest_route=\/wp\/v2\/posts\/2289\/revisions"}],"predecessor-version":[{"id":2291,"href":"https:\/\/realidadsur.com.ar\/index.php?rest_route=\/wp\/v2\/posts\/2289\/revisions\/2291"}],"wp:featuredmedia":[{"embeddable":true,"href":"https:\/\/realidadsur.com.ar\/index.php?rest_route=\/wp\/v2\/media\/2290"}],"wp:attachment":[{"href":"https:\/\/realidadsur.com.ar\/index.php?rest_route=%2Fwp%2Fv2%2Fmedia&parent=2289"}],"wp:term":[{"taxonomy":"category","embeddable":true,"href":"https:\/\/realidadsur.com.ar\/index.php?rest_route=%2Fwp%2Fv2%2Fcategories&post=2289"},{"taxonomy":"post_tag","embeddable":true,"href":"https:\/\/realidadsur.com.ar\/index.php?rest_route=%2Fwp%2Fv2%2Ftags&post=2289"}],"curies":[{"name":"wp","href":"https:\/\/api.w.org\/{rel}","templated":true}]}}