{"id":2400,"date":"2023-12-05T21:44:39","date_gmt":"2023-12-06T00:44:39","guid":{"rendered":"https:\/\/realidadsur.com.ar\/?p=2400"},"modified":"2023-12-05T21:44:41","modified_gmt":"2023-12-06T00:44:41","slug":"mussi-fue-ovacionado-en-la-entrega-de-diplomas-a-legisladores-e-intendentes-electos","status":"publish","type":"post","link":"https:\/\/realidadsur.com.ar\/?p=2400","title":{"rendered":"MUSSI FUE OVACIONADO EN LA ENTREGA DE DIPLOMAS A LEGISLADORES E INTENDENTES ELECTOS"},"content":{"rendered":"\n<p>El Presidente de la Suprema Corte de Justicia, Sergio Torres, encabez\u00f3 la entrega de diplomas a legisladores e intendentes de la Provincia de Buenos Aires electos en los comicios del pasado 22 de octubre, en un acto que se realiz\u00f3 en la Legislatura bonaerense.<\/p>\n\n\n\n<p>En su condici\u00f3n de Presidente de la Junta Electoral de la Provincia de Buenos Aires, el doctor Torres destac\u00f3 la labor de dicha instituci\u00f3n y sus integrantes durante todo el calendario electoral. Subrayando la trascendencia de alcanzar los 40 a\u00f1os de democracia, agreg\u00f3 que &#8220;todo proceso democr\u00e1tico se cimienta en la repetici\u00f3n de ciclos electorales como el que culmina en este acto&#8221;.<\/p>\n\n\n\n<p>Entre otros Jefes comunales, se encontraba el intendente de Berazategui, Juan Jos\u00e9 Mussi, que acompa\u00f1ado por una buena cantidad de militantes, expres\u00f3: &#8220;Particip\u00e9 de este acto organizado en la Honorable C\u00e1mara de Diputados Bonaerense y al que asistieron jefes y jefas comunales de toda la Provincia de Bs. As. y legisladores pronto a asumir en sus funciones&#8221;.<\/p>\n\n\n\n<p>&#8220;Es un orgullo haber sido elegido, nuevamente, como Intendente de mi querida #Berazategui. Gracias de coraz\u00f3n a todos los vecinos y las vecinas de mi #PatriaChica&#8221;, sostuvo en sus redes sociales, luego de haber sido ovacionado por su pares en el Recinto.<\/p>\n\n\n\n<figure class=\"wp-block-image size-large\"><img data-recalc-dims=\"1\" loading=\"lazy\" decoding=\"async\" width=\"640\" height=\"427\" src=\"https:\/\/i0.wp.com\/realidadsur.com.ar\/wp-content\/uploads\/2023\/12\/Entrega-de-diplomas-1024x683.jpg?resize=640%2C427&#038;ssl=1\" alt=\"\" class=\"wp-image-2401\" srcset=\"https:\/\/i0.wp.com\/realidadsur.com.ar\/wp-content\/uploads\/2023\/12\/Entrega-de-diplomas.jpg?resize=1024%2C683&amp;ssl=1 1024w, https:\/\/i0.wp.com\/realidadsur.com.ar\/wp-content\/uploads\/2023\/12\/Entrega-de-diplomas.jpg?resize=300%2C200&amp;ssl=1 300w, https:\/\/i0.wp.com\/realidadsur.com.ar\/wp-content\/uploads\/2023\/12\/Entrega-de-diplomas.jpg?resize=768%2C512&amp;ssl=1 768w, https:\/\/i0.wp.com\/realidadsur.com.ar\/wp-content\/uploads\/2023\/12\/Entrega-de-diplomas.jpg?resize=1536%2C1024&amp;ssl=1 1536w, https:\/\/i0.wp.com\/realidadsur.com.ar\/wp-content\/uploads\/2023\/12\/Entrega-de-diplomas.jpg?w=1920&amp;ssl=1 1920w, https:\/\/i0.wp.com\/realidadsur.com.ar\/wp-content\/uploads\/2023\/12\/Entrega-de-diplomas.jpg?w=1280 1280w\" sizes=\"auto, (max-width: 640px) 100vw, 640px\" \/><\/figure>\n\n\n\n<p>Participaron de la ceremonia la Vicepresidenta de la Junta Electoral Provincial, Ana Mar\u00eda Bourimborde, y los vocales Eduardo Delb\u00e9s, Federico Thea, Claudia Milanta.<\/p>\n\n\n\n<p>Tambi\u00e9n estuvieron presentes los integrantes de la Junta Electoral Nacional en el \u00e1mbito de la Provincia, Roberto Lemos Arias y Alejo Ramos Padilla. Junto a ellos, a su vez, el Dr. Torres particip\u00f3 del acto de diplomaci\u00f3n de legisladores nacionales.<\/p>\n","protected":false},"excerpt":{"rendered":"<p>El Presidente de la Suprema Corte de Justicia, Sergio Torres, encabez\u00f3 la entrega de diplomas&#8230;<\/p>\n","protected":false},"author":2,"featured_media":2402,"comment_status":"open","ping_status":"open","sticky":false,"template":"","format":"standard","meta":{"_jetpack_memberships_contains_paid_content":false,"footnotes":""},"categories":[6,4],"tags":[11,897,9,898,899],"class_list":["post-2400","post","type-post","status-publish","format-standard","has-post-thumbnail","hentry","category-berazategui","category-provincia","tag-berazategui","tag-diplomas-a-intendentes","tag-juan-jose-mussi","tag-legisladores-electos","tag-suprema-corte-de-justicia"],"jetpack_featured_media_url":"https:\/\/i0.wp.com\/realidadsur.com.ar\/wp-content\/uploads\/2023\/12\/Mussi-recibio-su-diploma.jpg?fit=1009%2C1344&ssl=1","jetpack_sharing_enabled":true,"_links":{"self":[{"href":"https:\/\/realidadsur.com.ar\/index.php?rest_route=\/wp\/v2\/posts\/2400","targetHints":{"allow":["GET"]}}],"collection":[{"href":"https:\/\/realidadsur.com.ar\/index.php?rest_route=\/wp\/v2\/posts"}],"about":[{"href":"https:\/\/realidadsur.com.ar\/index.php?rest_route=\/wp\/v2\/types\/post"}],"author":[{"embeddable":true,"href":"https:\/\/realidadsur.com.ar\/index.php?rest_route=\/wp\/v2\/users\/2"}],"replies":[{"embeddable":true,"href":"https:\/\/realidadsur.com.ar\/index.php?rest_route=%2Fwp%2Fv2%2Fcomments&post=2400"}],"version-history":[{"count":1,"href":"https:\/\/realidadsur.com.ar\/index.php?rest_route=\/wp\/v2\/posts\/2400\/revisions"}],"predecessor-version":[{"id":2403,"href":"https:\/\/realidadsur.com.ar\/index.php?rest_route=\/wp\/v2\/posts\/2400\/revisions\/2403"}],"wp:featuredmedia":[{"embeddable":true,"href":"https:\/\/realidadsur.com.ar\/index.php?rest_route=\/wp\/v2\/media\/2402"}],"wp:attachment":[{"href":"https:\/\/realidadsur.com.ar\/index.php?rest_route=%2Fwp%2Fv2%2Fmedia&parent=2400"}],"wp:term":[{"taxonomy":"category","embeddable":true,"href":"https:\/\/realidadsur.com.ar\/index.php?rest_route=%2Fwp%2Fv2%2Fcategories&post=2400"},{"taxonomy":"post_tag","embeddable":true,"href":"https:\/\/realidadsur.com.ar\/index.php?rest_route=%2Fwp%2Fv2%2Ftags&post=2400"}],"curies":[{"name":"wp","href":"https:\/\/api.w.org\/{rel}","templated":true}]}}