{"id":2405,"date":"2023-12-05T22:17:00","date_gmt":"2023-12-06T01:17:00","guid":{"rendered":"https:\/\/realidadsur.com.ar\/?p=2405"},"modified":"2023-12-05T22:17:02","modified_gmt":"2023-12-06T01:17:02","slug":"milei-convoco-a-la-ciudadania-para-su-asuncion","status":"publish","type":"post","link":"https:\/\/realidadsur.com.ar\/?p=2405","title":{"rendered":"MILEI CONVOC\u00d3 A LA CIUDADAN\u00cdA PARA SU ASUNCI\u00d3N"},"content":{"rendered":"\n<p>El presidente electo, Javier Milei, contin\u00fao con m\u00faltiples reuniones en el Hotel Libertador de Buenos Aires, donde ultima los detalles para su asunci\u00f3n del pr\u00f3ximo 10 de diciembre, y llam\u00f3 a la ciudadan\u00eda a asistir este domingo a la ceremonia en las inmediaciones del Congreso con banderas de Argentina.<\/p>\n\n\n\n<p>El economista se reuni\u00f3 con el designado ministro de Econom\u00eda, Nicol\u00e1s Caputo, y el economista Santiago Bausili, que suena para ocupar la direcci\u00f3n del Banco Central, en el Hotel Libertador, en el centro porte\u00f1o, donde Milei est\u00e1 viviendo desde las elecciones generales y usa de punto de encuentro con quienes formar\u00e1n parte del Gabinete.<\/p>\n\n\n\n<p>Tras la reuni\u00f3n, Caputo consider\u00f3 que fue &#8220;muy buena&#8221; y que pr\u00f3ximamente &#8220;se anunciar\u00e1 el equipo&#8221; del Banco Central.<\/p>\n\n\n\n<p>&#8220;La reuni\u00f3n estuvo muy bien. El programa econ\u00f3mico ser\u00e1 anunciado en su momento, esa es la realidad. El equipo est\u00e1 trabajando para comunicarse de la mejor manera posible&#8221;, indic\u00f3 Caputo en declaraciones a la prensa.<\/p>\n\n\n\n<p>El ministro designado opin\u00f3 sobre la posible designaci\u00f3n de Santiago Bausili en el Banco Central y afirm\u00f3 que &#8220;el presidente del banco central ser\u00e1 anunciado hoy o ma\u00f1ana&#8221;.<\/p>\n\n\n\n<p>Durante la ma\u00f1ana, el futuro jefe de Estado mantuvo reuniones para terminar de definir los nombramientos de su gabinete y ultimar detalles de las primeras medidas de su gesti\u00f3n.<\/p>\n\n\n\n<p>All\u00ed se discutieron &#8220;cuestiones operativas&#8221; sobre c\u00f3mo se llevar\u00e1 adelante el desembarco en los distintos ministerios, el reordenamiento burocr\u00e1tico necesario y los principales lineamientos a seguir en las primeras semanas de gobierno, seg\u00fan informaron a T\u00e9lam fuentes de La Libertad Avanza que participaron del encuentro.<\/p>\n\n\n\n<p>Se habl\u00f3 tambi\u00e9n de la anunciada reestructuraci\u00f3n del Estado que encarar\u00e1 la nueva administraci\u00f3n y de los nombres del futuro gabinete y equipo de gobierno que a\u00fan restan por anunciar, dijeron las fuentes.<\/p>\n\n\n\n<p>De la reuni\u00f3n con el presidente electo participaron los futuros ministros Patricia Bullrich (Seguridad), Luis Petri (Defensa), Mariano C\u00faneo Libarona (Justicia), Sandra Pettovello (Capital Humano), Diana Mondino (Canciller\u00eda) y Guillermo Francos (Interior).<\/p>\n","protected":false},"excerpt":{"rendered":"<p>El presidente electo, Javier Milei, contin\u00fao con m\u00faltiples reuniones en el Hotel Libertador de Buenos&#8230;<\/p>\n","protected":false},"author":2,"featured_media":2406,"comment_status":"open","ping_status":"open","sticky":false,"template":"","format":"standard","meta":{"_jetpack_memberships_contains_paid_content":false,"footnotes":""},"categories":[3],"tags":[900,200],"class_list":["post-2405","post","type-post","status-publish","format-standard","has-post-thumbnail","hentry","category-nacion","tag-asuncion","tag-javier-milei"],"jetpack_featured_media_url":"https:\/\/i0.wp.com\/realidadsur.com.ar\/wp-content\/uploads\/2023\/12\/Javier-Milei.jpg?fit=1200%2C675&ssl=1","jetpack_sharing_enabled":true,"_links":{"self":[{"href":"https:\/\/realidadsur.com.ar\/index.php?rest_route=\/wp\/v2\/posts\/2405","targetHints":{"allow":["GET"]}}],"collection":[{"href":"https:\/\/realidadsur.com.ar\/index.php?rest_route=\/wp\/v2\/posts"}],"about":[{"href":"https:\/\/realidadsur.com.ar\/index.php?rest_route=\/wp\/v2\/types\/post"}],"author":[{"embeddable":true,"href":"https:\/\/realidadsur.com.ar\/index.php?rest_route=\/wp\/v2\/users\/2"}],"replies":[{"embeddable":true,"href":"https:\/\/realidadsur.com.ar\/index.php?rest_route=%2Fwp%2Fv2%2Fcomments&post=2405"}],"version-history":[{"count":1,"href":"https:\/\/realidadsur.com.ar\/index.php?rest_route=\/wp\/v2\/posts\/2405\/revisions"}],"predecessor-version":[{"id":2407,"href":"https:\/\/realidadsur.com.ar\/index.php?rest_route=\/wp\/v2\/posts\/2405\/revisions\/2407"}],"wp:featuredmedia":[{"embeddable":true,"href":"https:\/\/realidadsur.com.ar\/index.php?rest_route=\/wp\/v2\/media\/2406"}],"wp:attachment":[{"href":"https:\/\/realidadsur.com.ar\/index.php?rest_route=%2Fwp%2Fv2%2Fmedia&parent=2405"}],"wp:term":[{"taxonomy":"category","embeddable":true,"href":"https:\/\/realidadsur.com.ar\/index.php?rest_route=%2Fwp%2Fv2%2Fcategories&post=2405"},{"taxonomy":"post_tag","embeddable":true,"href":"https:\/\/realidadsur.com.ar\/index.php?rest_route=%2Fwp%2Fv2%2Ftags&post=2405"}],"curies":[{"name":"wp","href":"https:\/\/api.w.org\/{rel}","templated":true}]}}