{"id":2414,"date":"2023-12-06T09:00:06","date_gmt":"2023-12-06T12:00:06","guid":{"rendered":"https:\/\/realidadsur.com.ar\/?p=2414"},"modified":"2023-12-06T09:00:08","modified_gmt":"2023-12-06T12:00:08","slug":"fallecio-el-secretario-general-del-gremio-municipal-de-berazategui","status":"publish","type":"post","link":"https:\/\/realidadsur.com.ar\/?p=2414","title":{"rendered":"FALLECI\u00d3 EL SECRETARIO GENERAL DEL GREMIO MUNICIPAL DE BERAZATEGUI"},"content":{"rendered":"\n<p>Daniel B\u00e1ez, Secretario General de la Uni\u00f3n Obreros y Empleados Municipales de Berazategui (UOEMB), falleci\u00f3 en el d\u00eda de ayer luego de una intervenci\u00f3n quir\u00fargica.<\/p>\n\n\n\n<p>En el Gremio se\u00f1alaron: &#8220;La Uni\u00f3n Obreros y Empleados Municipales de Berazategui (UOEMB), con inmenso dolor, lamenta informar que en la ma\u00f1ana de hoy falleci\u00f3 Daniel Hugo B\u00e1ez, Secretario General del gremio de municipales de Berazategui&#8221;.<\/p>\n\n\n\n<p>&#8220;A los 58 a\u00f1os de edad, Ba\u00e9z l\u00edder de los trabajadores municipales de esta ciudad, falleci\u00f3 a las 8:30 horas de este martes 5 de diciembre luego de ser intervenido quir\u00fargicamente en el Hospital Zonal de Agudos Evita Pueblo a ra\u00edz de un tumor renal&#8221;, informaron.<\/p>\n\n\n\n<p>Luego, detallaron: &#8220;Cabe destacar que Daniel, adem\u00e1s de liderar el gremio local, integraba el Consejo Directivo de la Federaci\u00f3n de Sindicatos Municipales Bonaerenses (FeSiMuBo) que encabeza Rub\u00e9n \u00b4Cholo\u2019 Garc\u00eda&#8221;.<\/p>\n\n\n\n<p>Por este medio informaremos en la brevedad el lugar y horario en donde se realizar\u00e1 el velatorio a fin de que familiares, amigos, compa\u00f1eros, y trabajadores puedan despedirse de quien fuera en vida el l\u00edder de los trabajadores municipales del distrito.<\/p>\n\n\n\n<p>Los restos del sindicalista fueron trasladados el Cementerio Parque Municipal de Berazategui, sito en Av. Nicol\u00e1s Milazzo N\u00b0 368 de esta ciudad.<\/p>\n","protected":false},"excerpt":{"rendered":"<p>Daniel B\u00e1ez, Secretario General de la Uni\u00f3n Obreros y Empleados Municipales de Berazategui (UOEMB), falleci\u00f3&#8230;<\/p>\n","protected":false},"author":2,"featured_media":2415,"comment_status":"open","ping_status":"open","sticky":false,"template":"","format":"standard","meta":{"_jetpack_memberships_contains_paid_content":false,"footnotes":""},"categories":[6],"tags":[11,902,905,904],"class_list":["post-2414","post","type-post","status-publish","format-standard","has-post-thumbnail","hentry","category-berazategui","tag-berazategui","tag-daniel-baez","tag-municipales-de-berazategui","tag-uoemb"],"jetpack_featured_media_url":"https:\/\/i0.wp.com\/realidadsur.com.ar\/wp-content\/uploads\/2023\/12\/daniel-Baez.jpg?fit=1600%2C859&ssl=1","jetpack_sharing_enabled":true,"_links":{"self":[{"href":"https:\/\/realidadsur.com.ar\/index.php?rest_route=\/wp\/v2\/posts\/2414","targetHints":{"allow":["GET"]}}],"collection":[{"href":"https:\/\/realidadsur.com.ar\/index.php?rest_route=\/wp\/v2\/posts"}],"about":[{"href":"https:\/\/realidadsur.com.ar\/index.php?rest_route=\/wp\/v2\/types\/post"}],"author":[{"embeddable":true,"href":"https:\/\/realidadsur.com.ar\/index.php?rest_route=\/wp\/v2\/users\/2"}],"replies":[{"embeddable":true,"href":"https:\/\/realidadsur.com.ar\/index.php?rest_route=%2Fwp%2Fv2%2Fcomments&post=2414"}],"version-history":[{"count":1,"href":"https:\/\/realidadsur.com.ar\/index.php?rest_route=\/wp\/v2\/posts\/2414\/revisions"}],"predecessor-version":[{"id":2416,"href":"https:\/\/realidadsur.com.ar\/index.php?rest_route=\/wp\/v2\/posts\/2414\/revisions\/2416"}],"wp:featuredmedia":[{"embeddable":true,"href":"https:\/\/realidadsur.com.ar\/index.php?rest_route=\/wp\/v2\/media\/2415"}],"wp:attachment":[{"href":"https:\/\/realidadsur.com.ar\/index.php?rest_route=%2Fwp%2Fv2%2Fmedia&parent=2414"}],"wp:term":[{"taxonomy":"category","embeddable":true,"href":"https:\/\/realidadsur.com.ar\/index.php?rest_route=%2Fwp%2Fv2%2Fcategories&post=2414"},{"taxonomy":"post_tag","embeddable":true,"href":"https:\/\/realidadsur.com.ar\/index.php?rest_route=%2Fwp%2Fv2%2Ftags&post=2414"}],"curies":[{"name":"wp","href":"https:\/\/api.w.org\/{rel}","templated":true}]}}