{"id":2504,"date":"2023-12-08T12:29:33","date_gmt":"2023-12-08T15:29:33","guid":{"rendered":"https:\/\/realidadsur.com.ar\/?p=2504"},"modified":"2023-12-08T12:29:34","modified_gmt":"2023-12-08T15:29:34","slug":"malas-lenguas-la-marca-de-la-ropa-que-fabrican-mujeres-presas-en-la-provincia-de-buenos-aires","status":"publish","type":"post","link":"https:\/\/realidadsur.com.ar\/?p=2504","title":{"rendered":"MALAS LENGUAS: LA MARCA DE LA ROPA QUE FABRICAN MUJERES PRESAS EN LA PROVINCIA DE BUENOS AIRES"},"content":{"rendered":"\n<p>Una marca de ropa que fabrican un grupo de mujeres detenidas en los talleres de un penal de la provincia de Buenos Aires fue presentada por el ministro de Justicia y Derechos Humanos, Julio Alak, seg\u00fan se inform\u00f3 hoy desde esa cartera provincial.<\/p>\n\n\n\n<p>Se trata de la marca denominada &#8220;Malas Lenguas&#8221;, que es dise\u00f1ada y producida por mujeres privadas de la libertad en los talleres de la unidad 8 de La Plata.<\/p>\n\n\n\n<p>El proyecto, impulsado por el gobierno de la provincia de Buenos Aires, est\u00e1 enmarcado en el programa \u201cM\u00e1s trabajo Menos Reincidencia\u201d que comenz\u00f3 en el 2020 con el objetivo de promover el derecho a la formaci\u00f3n laboral e inclusi\u00f3n social de personas privadas de su libertad, con el objetivo de bajar \u00edndices de reincidencia.<\/p>\n\n\n\n<p>Seg\u00fan se explic\u00f3, los productos que se confeccionan son &#8220;remeras, camisas, pantalones, buzos y sweaters, donde se trabajan est\u00e1ndares reales de oferta y demanda, para lograr que dichos productos sean capaces de competir en el mercado&#8221;.<\/p>\n\n\n\n<p>El prop\u00f3sito, dijeron, es el de &#8220;optimizar los esfuerzos de capacitaci\u00f3n y producci\u00f3n en la c\u00e1rcel, que la marca sea reconocida en todo el pa\u00eds y tenga un impacto social y brindar la oportunidad a personas en situaci\u00f3n de encierro, de acceder a una jornada laboral y a un salario meritorio&#8221;.<\/p>\n","protected":false},"excerpt":{"rendered":"<p>Una marca de ropa que fabrican un grupo de mujeres detenidas en los talleres de&#8230;<\/p>\n","protected":false},"author":2,"featured_media":2505,"comment_status":"open","ping_status":"open","sticky":false,"template":"","format":"standard","meta":{"_jetpack_memberships_contains_paid_content":false,"footnotes":""},"categories":[4],"tags":[943,941,944,942],"class_list":["post-2504","post","type-post","status-publish","format-standard","has-post-thumbnail","hentry","category-provincia","tag-inclusion","tag-malas-lenguas","tag-penales-bonaerenses","tag-ropa"],"jetpack_featured_media_url":"https:\/\/i0.wp.com\/realidadsur.com.ar\/wp-content\/uploads\/2023\/12\/Ropa-Malas-Lenguas.webp?fit=696%2C464&ssl=1","jetpack_sharing_enabled":true,"_links":{"self":[{"href":"https:\/\/realidadsur.com.ar\/index.php?rest_route=\/wp\/v2\/posts\/2504","targetHints":{"allow":["GET"]}}],"collection":[{"href":"https:\/\/realidadsur.com.ar\/index.php?rest_route=\/wp\/v2\/posts"}],"about":[{"href":"https:\/\/realidadsur.com.ar\/index.php?rest_route=\/wp\/v2\/types\/post"}],"author":[{"embeddable":true,"href":"https:\/\/realidadsur.com.ar\/index.php?rest_route=\/wp\/v2\/users\/2"}],"replies":[{"embeddable":true,"href":"https:\/\/realidadsur.com.ar\/index.php?rest_route=%2Fwp%2Fv2%2Fcomments&post=2504"}],"version-history":[{"count":1,"href":"https:\/\/realidadsur.com.ar\/index.php?rest_route=\/wp\/v2\/posts\/2504\/revisions"}],"predecessor-version":[{"id":2506,"href":"https:\/\/realidadsur.com.ar\/index.php?rest_route=\/wp\/v2\/posts\/2504\/revisions\/2506"}],"wp:featuredmedia":[{"embeddable":true,"href":"https:\/\/realidadsur.com.ar\/index.php?rest_route=\/wp\/v2\/media\/2505"}],"wp:attachment":[{"href":"https:\/\/realidadsur.com.ar\/index.php?rest_route=%2Fwp%2Fv2%2Fmedia&parent=2504"}],"wp:term":[{"taxonomy":"category","embeddable":true,"href":"https:\/\/realidadsur.com.ar\/index.php?rest_route=%2Fwp%2Fv2%2Fcategories&post=2504"},{"taxonomy":"post_tag","embeddable":true,"href":"https:\/\/realidadsur.com.ar\/index.php?rest_route=%2Fwp%2Fv2%2Ftags&post=2504"}],"curies":[{"name":"wp","href":"https:\/\/api.w.org\/{rel}","templated":true}]}}