{"id":2524,"date":"2023-12-09T20:51:03","date_gmt":"2023-12-09T23:51:03","guid":{"rendered":"https:\/\/realidadsur.com.ar\/?p=2524"},"modified":"2023-12-09T20:51:04","modified_gmt":"2023-12-09T23:51:04","slug":"a-horas-de-asumir-como-preidente-milei-recibio-visitas-de-primeros-mandatarios","status":"publish","type":"post","link":"https:\/\/realidadsur.com.ar\/?p=2524","title":{"rendered":"A HORAS DE ASUMIR COMO PREIDENTE, MILEI RECIBI\u00d3 VISITAS DE PRIMEROS MANDATARIOS"},"content":{"rendered":"\n<p>A horas de su asunci\u00f3n, el presidente electo Javier Milei recibi\u00f3 a los jefes de Estado de Paraguay y de Armenia, Santiago Pe\u00f1a y Vahagn Khachaturyan, al rey Felipe VI de Espa\u00f1a y a representantes de Estados Unidos, que forman parte de las delegaciones extranjeras que llegaron a Buenos Aires para participar ma\u00f1ana de los actos de traspaso de mando.<\/p>\n\n\n\n<p>Los representantes extranjeros participar\u00e1n este domingo de la ceremonia de asunci\u00f3n en el Congreso Nacional y luego en la jura de los ministros del gabinete en la Casa Rosada, seg\u00fan fuentes de La Libertad Avanza.<\/p>\n\n\n\n<p>El rey Felipe VI de Espa\u00f1a arrib\u00f3 este s\u00e1bado acompa\u00f1ado por el secretario de Estado para Iberoam\u00e9rica y el Caribe y el Espa\u00f1ol en el Mundo, Juan Fern\u00e1ndez Trigo, en un vuelo que aterriz\u00f3 a las 9:30 en la terminal reservada para privados del aeropuerto internacional de Ezeiza.<\/p>\n\n\n\n<p>M\u00e1s tarde mantuvo un encuentro con Milei en el Palacio San Mart\u00edn del que tambi\u00e9n particip\u00f3 el designado jefe de Gabinete, Nicol\u00e1s Posse, y la futura canciller Diana Mondino, y parte de su futuro equipo.<\/p>\n\n\n\n<p>&#8220;El Rey llega a Buenos Aires para asistir a la toma de posesi\u00f3n del presidente electo de la Rep\u00fablica de Argentina, Javier Milei&#8221;, inform\u00f3 la Casa Real espa\u00f1ola en la plataforma X.<\/p>\n\n\n\n<p>En el aeropuerto, el monarca fue recibido por la embajadora de Espa\u00f1a, Mar\u00eda Jes\u00fas Alonso, el director nacional de Ceremonial, Alberto Trueba, y por el enlace diplom\u00e1tico, Mariano Padr\u00f3s.<\/p>\n\n\n\n<p>En tanto, Pe\u00f1a lleg\u00f3 el viernes a Buenos Aires y este s\u00e1bado mantuvo un encuentro con el presidente electo en el hotel Libertador ubicado en la avenida C\u00f3rdoba y Maip\u00fa, en el barrio porte\u00f1o de San Nicol\u00e1s.<\/p>\n\n\n\n<p>Tras el encuentro, el presidente paraguayo dijo a la prensa que se abre una &#8220;nueva etapa&#8221; en la relaci\u00f3n con Argentina y afirm\u00f3 que se puso a &#8220;disposici\u00f3n&#8221; del mandatario electo.<\/p>\n\n\n\n<p>En su agenda de este s\u00e1bado, Milei tambi\u00e9n se reuni\u00f3 con el mandatario de Armenia, Vahagn Khachaturyan, en el Sal\u00f3n Dorado del Palacio San Mart\u00edn donde conversaron sobre c\u00f3mo fortalecer las relaciones entre ambas naciones.<\/p>\n\n\n\n<p>Desde Estados Unidos y recibidos por el embajador Marc Stanley llegaron funcionarios de la administraci\u00f3n Biden encabezados por la secretaria de Energ\u00eda, Jennifer Granholm, quien se reuni\u00f3 con Milei para conversar sobre&#8221; las prioridades compartidas entre ambos pa\u00edses en la defensa de los derechos humanos, las inversiones en energ\u00eda limpia, y la cooperaci\u00f3n regional y multilateral&#8221;, indic\u00f3 la embajada estadounidense.<\/p>\n\n\n\n<p>El l\u00edder del partido espa\u00f1ol VOX, Santiago Abascal, tambi\u00e9n asistir\u00e1 este domingo a la asunci\u00f3n y coment\u00f3 que mantuvo un &#8220;entra\u00f1able reencuentro en Buenos Aires con el ya Presidente de la Naci\u00f3n Argentina, Javier Milei&#8221;.<\/p>\n\n\n\n<p>&#8220;Hermanados de manera irrevocable en la batalla cultural y pol\u00edtica por la libertad y contra la ruina izquierdista&#8221;, escribi\u00f3 el espa\u00f1ol en su cuenta de X.<\/p>\n","protected":false},"excerpt":{"rendered":"<p>A horas de su asunci\u00f3n, el presidente electo Javier Milei recibi\u00f3 a los jefes de&#8230;<\/p>\n","protected":false},"author":2,"featured_media":2525,"comment_status":"open","ping_status":"open","sticky":false,"template":"","format":"standard","meta":{"_jetpack_memberships_contains_paid_content":false,"footnotes":""},"categories":[3],"tags":[200],"class_list":["post-2524","post","type-post","status-publish","format-standard","has-post-thumbnail","hentry","category-nacion","tag-javier-milei"],"jetpack_featured_media_url":"https:\/\/i0.wp.com\/realidadsur.com.ar\/wp-content\/uploads\/2023\/12\/Milei-Pena.jpeg?fit=300%2C182&ssl=1","jetpack_sharing_enabled":true,"_links":{"self":[{"href":"https:\/\/realidadsur.com.ar\/index.php?rest_route=\/wp\/v2\/posts\/2524","targetHints":{"allow":["GET"]}}],"collection":[{"href":"https:\/\/realidadsur.com.ar\/index.php?rest_route=\/wp\/v2\/posts"}],"about":[{"href":"https:\/\/realidadsur.com.ar\/index.php?rest_route=\/wp\/v2\/types\/post"}],"author":[{"embeddable":true,"href":"https:\/\/realidadsur.com.ar\/index.php?rest_route=\/wp\/v2\/users\/2"}],"replies":[{"embeddable":true,"href":"https:\/\/realidadsur.com.ar\/index.php?rest_route=%2Fwp%2Fv2%2Fcomments&post=2524"}],"version-history":[{"count":1,"href":"https:\/\/realidadsur.com.ar\/index.php?rest_route=\/wp\/v2\/posts\/2524\/revisions"}],"predecessor-version":[{"id":2526,"href":"https:\/\/realidadsur.com.ar\/index.php?rest_route=\/wp\/v2\/posts\/2524\/revisions\/2526"}],"wp:featuredmedia":[{"embeddable":true,"href":"https:\/\/realidadsur.com.ar\/index.php?rest_route=\/wp\/v2\/media\/2525"}],"wp:attachment":[{"href":"https:\/\/realidadsur.com.ar\/index.php?rest_route=%2Fwp%2Fv2%2Fmedia&parent=2524"}],"wp:term":[{"taxonomy":"category","embeddable":true,"href":"https:\/\/realidadsur.com.ar\/index.php?rest_route=%2Fwp%2Fv2%2Fcategories&post=2524"},{"taxonomy":"post_tag","embeddable":true,"href":"https:\/\/realidadsur.com.ar\/index.php?rest_route=%2Fwp%2Fv2%2Ftags&post=2524"}],"curies":[{"name":"wp","href":"https:\/\/api.w.org\/{rel}","templated":true}]}}