{"id":2530,"date":"2023-12-09T21:26:22","date_gmt":"2023-12-10T00:26:22","guid":{"rendered":"https:\/\/realidadsur.com.ar\/?p=2530"},"modified":"2023-12-09T21:26:24","modified_gmt":"2023-12-10T00:26:24","slug":"aviones-cazas-haran-vuelos-de-seguridad-durante-la-asuncion-presidencial","status":"publish","type":"post","link":"https:\/\/realidadsur.com.ar\/?p=2530","title":{"rendered":"AVIONES CAZAS HAR\u00c1N VUELOS DE SEGURIDAD DURANTE LA ASUNCI\u00d3N PRESIDENCIAL"},"content":{"rendered":"\n<p>&#8220;En el marco de la operaci\u00f3n militar conjunta de vigilancia y control aeroespacial implementada con motivo del traspaso de mando presidencial, se comunica a la poblaci\u00f3n<br>que habr\u00e1 sobrevuelos de aeronaves cazas en los cielos de la Ciudad de Buenos Aires&#8221;, public\u00f3 esta tarde el Emcoffa en su cuenta oficial de la red social X, antes conocida como Twitter.<\/p>\n\n\n\n<p>En ese sentido, se consign\u00f3 que se implement\u00f3 una &#8220;zona de identificaci\u00f3n a\u00e9rea&#8221; para dar seguridad al espacio a\u00e9reo durante la ceremonia de traspaso de mando presidencial en la que estar\u00e1n el presidente electo Milei, y el saliente Alberto Fern\u00e1ndez, adem\u00e1s de la Vicepresidenta electa, Victoria Villarruel y otros funcionarios.<\/p>\n\n\n\n<p>Para ello, el Emcoffa orden\u00f3 el alistamiento de los siguientes medios de la Fuerza A\u00e9rea: Caza interceptora: aviones A4-AR y IA-63 Pampa; as\u00ed como tambi\u00e9n sistemas inhibidores de drones y radares de vigilancia aeroespacial, seg\u00fan indicaron en la red social.<\/p>\n","protected":false},"excerpt":{"rendered":"<p>&#8220;En el marco de la operaci\u00f3n militar conjunta de vigilancia y control aeroespacial implementada con&#8230;<\/p>\n","protected":false},"author":2,"featured_media":2531,"comment_status":"open","ping_status":"open","sticky":false,"template":"","format":"standard","meta":{"_jetpack_memberships_contains_paid_content":false,"footnotes":""},"categories":[3],"tags":[950,200,93],"class_list":["post-2530","post","type-post","status-publish","format-standard","has-post-thumbnail","hentry","category-nacion","tag-aviones-caza","tag-javier-milei","tag-seguridad"],"jetpack_featured_media_url":"https:\/\/i0.wp.com\/realidadsur.com.ar\/wp-content\/uploads\/2023\/12\/Cazas.jpg?fit=581%2C540&ssl=1","jetpack_sharing_enabled":true,"_links":{"self":[{"href":"https:\/\/realidadsur.com.ar\/index.php?rest_route=\/wp\/v2\/posts\/2530","targetHints":{"allow":["GET"]}}],"collection":[{"href":"https:\/\/realidadsur.com.ar\/index.php?rest_route=\/wp\/v2\/posts"}],"about":[{"href":"https:\/\/realidadsur.com.ar\/index.php?rest_route=\/wp\/v2\/types\/post"}],"author":[{"embeddable":true,"href":"https:\/\/realidadsur.com.ar\/index.php?rest_route=\/wp\/v2\/users\/2"}],"replies":[{"embeddable":true,"href":"https:\/\/realidadsur.com.ar\/index.php?rest_route=%2Fwp%2Fv2%2Fcomments&post=2530"}],"version-history":[{"count":1,"href":"https:\/\/realidadsur.com.ar\/index.php?rest_route=\/wp\/v2\/posts\/2530\/revisions"}],"predecessor-version":[{"id":2532,"href":"https:\/\/realidadsur.com.ar\/index.php?rest_route=\/wp\/v2\/posts\/2530\/revisions\/2532"}],"wp:featuredmedia":[{"embeddable":true,"href":"https:\/\/realidadsur.com.ar\/index.php?rest_route=\/wp\/v2\/media\/2531"}],"wp:attachment":[{"href":"https:\/\/realidadsur.com.ar\/index.php?rest_route=%2Fwp%2Fv2%2Fmedia&parent=2530"}],"wp:term":[{"taxonomy":"category","embeddable":true,"href":"https:\/\/realidadsur.com.ar\/index.php?rest_route=%2Fwp%2Fv2%2Fcategories&post=2530"},{"taxonomy":"post_tag","embeddable":true,"href":"https:\/\/realidadsur.com.ar\/index.php?rest_route=%2Fwp%2Fv2%2Ftags&post=2530"}],"curies":[{"name":"wp","href":"https:\/\/api.w.org\/{rel}","templated":true}]}}