{"id":2537,"date":"2023-12-10T14:47:56","date_gmt":"2023-12-10T17:47:56","guid":{"rendered":"https:\/\/realidadsur.com.ar\/?p=2537"},"modified":"2023-12-10T14:47:57","modified_gmt":"2023-12-10T17:47:57","slug":"milei-ratifico-que-se-viene-un-ajuste-con-estanflacion","status":"publish","type":"post","link":"https:\/\/realidadsur.com.ar\/?p=2537","title":{"rendered":"MILEI RATIFIC\u00d3 QUE SE VIENE UN AJUSTE CON ESTANFLACI\u00d3N"},"content":{"rendered":"\n<p>El presidente Javier Milei afirm\u00f3, en su primer discurso como jefe de Estado, que &#8220;comienza hoy una nueva era en la Argentina&#8221; que dar\u00e1 por terminada &#8220;una larga y triste historia de decadencia y declive&#8221;, pero advirti\u00f3 que su gobierno aplicar\u00e1 un duro ajuste que &#8220;impactar\u00e1 de modo negativo sobre el nivel de actividad econ\u00f3mica, empleo, salarios reales y cantidad de pobres e indigentes&#8221;.<\/p>\n\n\n\n<p>Durante unos 35 minutos, Milei brind\u00f3 su discurso en las escalinatas del Congreso nacional, tras la jura y recibir los atributos de mando en la Asamblea Legislativa que se desarroll\u00f3 en el recinto de la C\u00e1mara de Diputados.<\/p>\n\n\n\n<p>En su mensaje, detall\u00f3 que &#8220;ning\u00fan gobierno ha recibido una herencia&#8221; econ\u00f3mica &#8220;peor&#8221; de la que le toca al suyo y destac\u00f3 que la saliente gesti\u00f3n de Alberto Fern\u00e1ndez dej\u00f3 &#8220;plantada una inflaci\u00f3n&#8221; potencial &#8220;de 52% mensual&#8221; y &#8220;15.000% anual&#8221;.<\/p>\n\n\n\n<p>&#8220;Nos han dejado plantada una hiperinflaci\u00f3n. Vamos a luchar con u\u00f1as y dientes para erradicarla. Vamos a hacer los m\u00e1ximos esfuerzos posibles para impedir esta cat\u00e1strofe&#8221; que, afirm\u00f3, dejar\u00eda al &#8220;90% de la poblaci\u00f3n en pobreza&#8221; y al &#8220;50%&#8221; de ella, en la indigencia, explic\u00f3.<\/p>\n\n\n\n<p>Y agreg\u00f3: &#8220;Hoy comienza una nueva era en la Argentina. El desaf\u00edo que tenemos por delante es tit\u00e1nico&#8221;, adelant\u00f3 el nuevo presidente en un discurso que fue transmitido por cadena nacional y que pronunci\u00f3 desde las escalinatas del Congreso nacional, acompa\u00f1ado por la vicepresidenta Victoria Villarruel, sus funcionarios designados e integrantes de las delegaciones extranjeras, entre ellos el presidente de Ucrania, Volodimir Zelenski.<\/p>\n\n\n\n<p>Antes de ello, Milei recibi\u00f3 los atributos de presidente en el recinto parlamentario y ante la Asamblea Legislativa constituida para ese motivo. Lo hizo de manos de Alberto Fern\u00e1ndez y Cristina Fern\u00e1ndez de Kirchner.<\/p>\n\n\n\n<p>El flamante mandatario sostuvo que los argentinos deber\u00e1n afrontar un per\u00edodo de estanflaci\u00f3n, la combinaci\u00f3n entre altos niveles de inflaci\u00f3n y ca\u00edda de la actividad econ\u00f3mica. &#8220;Tengo que dec\u00edrselos de nuevo: no hay plata&#8221;, sentenci\u00f3.<\/p>\n\n\n\n<p>El ajuste que pondr\u00e1 en marcha, seg\u00fan advirti\u00f3, &#8220;impactar\u00e1 de modo negativo sobre el nivel de actividad, empleo, salarios reales y cantidad de pobres e indigentes&#8221;, aunque prometi\u00f3 que recaer\u00e1, &#8220;en un 90%&#8221;, sobre el Estado.<\/p>\n\n\n\n<p>&#8220;Habr\u00e1 estanflaci\u00f3n&#8221;, reiter\u00f3, pero aclar\u00f3 que &#8220;no es algo muy distinto a lo que pas\u00f3 en los \u00faltimos 12 a\u00f1os, cuando el PBI per c\u00e1pita cay\u00f3 15% en un contexto donde acumulamos 5.000% de inflaci\u00f3n&#8221;.<\/p>\n\n\n\n<p>Sin embargo, mencion\u00f3 que sus medidas al frente del gobierno tienen \u00e9xito, ser\u00e1 &#8220;el \u00faltimo mal trago&#8221; que soportar\u00e1 la sociedad antes de &#8220;comenzar la reconstrucci\u00f3n de la Argentina. Habr\u00e1 luz al final del camino&#8221;, prometi\u00f3.<\/p>\n\n\n\n<p>&#8220;Milei, querido, el pueblo est\u00e1 contigo&#8221; y &#8220;Libertad, libertad&#8221;, cantaron los asistentes situados frente al edificio legislativo en diferentes tramos del discurso que ley\u00f3 el Presidente, inclusive cuando anunci\u00f3 la puesta en marcha de fuertes medidas de &#8220;ajuste&#8221;.<\/p>\n\n\n\n<p>El nuevo jefe de Estado tambi\u00e9n se comprometi\u00f3 a luchar contra el delito, especialmente el narcotr\u00e1fico en la ciudad santafesina de Rosario.<\/p>\n","protected":false},"excerpt":{"rendered":"<p>El presidente Javier Milei afirm\u00f3, en su primer discurso como jefe de Estado, que &#8220;comienza&#8230;<\/p>\n","protected":false},"author":2,"featured_media":2538,"comment_status":"open","ping_status":"open","sticky":false,"template":"","format":"standard","meta":{"_jetpack_memberships_contains_paid_content":false,"footnotes":""},"categories":[3],"tags":[953,900,954,200],"class_list":["post-2537","post","type-post","status-publish","format-standard","has-post-thumbnail","hentry","category-nacion","tag-ajuste","tag-asuncion","tag-estanflacion","tag-javier-milei"],"jetpack_featured_media_url":"https:\/\/i0.wp.com\/realidadsur.com.ar\/wp-content\/uploads\/2023\/12\/Milei-presidente-en-el-acto-de-asuncion.jpg?fit=1200%2C675&ssl=1","jetpack_sharing_enabled":true,"_links":{"self":[{"href":"https:\/\/realidadsur.com.ar\/index.php?rest_route=\/wp\/v2\/posts\/2537","targetHints":{"allow":["GET"]}}],"collection":[{"href":"https:\/\/realidadsur.com.ar\/index.php?rest_route=\/wp\/v2\/posts"}],"about":[{"href":"https:\/\/realidadsur.com.ar\/index.php?rest_route=\/wp\/v2\/types\/post"}],"author":[{"embeddable":true,"href":"https:\/\/realidadsur.com.ar\/index.php?rest_route=\/wp\/v2\/users\/2"}],"replies":[{"embeddable":true,"href":"https:\/\/realidadsur.com.ar\/index.php?rest_route=%2Fwp%2Fv2%2Fcomments&post=2537"}],"version-history":[{"count":1,"href":"https:\/\/realidadsur.com.ar\/index.php?rest_route=\/wp\/v2\/posts\/2537\/revisions"}],"predecessor-version":[{"id":2539,"href":"https:\/\/realidadsur.com.ar\/index.php?rest_route=\/wp\/v2\/posts\/2537\/revisions\/2539"}],"wp:featuredmedia":[{"embeddable":true,"href":"https:\/\/realidadsur.com.ar\/index.php?rest_route=\/wp\/v2\/media\/2538"}],"wp:attachment":[{"href":"https:\/\/realidadsur.com.ar\/index.php?rest_route=%2Fwp%2Fv2%2Fmedia&parent=2537"}],"wp:term":[{"taxonomy":"category","embeddable":true,"href":"https:\/\/realidadsur.com.ar\/index.php?rest_route=%2Fwp%2Fv2%2Fcategories&post=2537"},{"taxonomy":"post_tag","embeddable":true,"href":"https:\/\/realidadsur.com.ar\/index.php?rest_route=%2Fwp%2Fv2%2Ftags&post=2537"}],"curies":[{"name":"wp","href":"https:\/\/api.w.org\/{rel}","templated":true}]}}