{"id":2550,"date":"2023-12-11T19:23:21","date_gmt":"2023-12-11T22:23:21","guid":{"rendered":"https:\/\/realidadsur.com.ar\/?p=2550"},"modified":"2023-12-11T19:23:23","modified_gmt":"2023-12-11T22:23:23","slug":"sarandi-un-testigo-filmo-cuando-asesinaban-a-un-jeven-de-un-balazo-a-sangre-fria","status":"publish","type":"post","link":"https:\/\/realidadsur.com.ar\/?p=2550","title":{"rendered":"SARAND\u00cd: UN TESTIGO FILM\u00d3 CUANDO ASESINABAN A UN JEVEN DE UN BALAZO A SANGRE FR\u00cdA"},"content":{"rendered":"\n<p>Un joven de 18 a\u00f1os fue asesinado de un tiro en la cabeza durante una pelea que mantuvo con otro en una plaza de la localidad bonaerense de Sarand\u00ed, partido de Avellaneda, en la que ambos se hallaban junto a varias personas, y los investigadores confirmaron que el presunto atacante fue detenido m\u00e1s tarde junto a un c\u00f3mplice a bordo de un auto, informaron este lunes fuentes policiales y judiciales.<\/p>\n\n\n\n<p>La pelea y el momento del disparo fueron registrados en un video grabado por un testigo y entregado a los pesquisa, en el que se escucha advertir al homicida que es &#8220;re maldito&#8221; y que lo mat\u00f3 porque pretendi\u00f3 enfrentarlo: &#8220;\u00bfTe quer\u00edas parar de manos conmigo?&#8221;.<\/p>\n\n\n\n<p>El hecho se registr\u00f3 alrededor de las 6.30 del domingo cuando un grupo de unos 15 j\u00f3venes y adolescentes se encontraban reunidos en el Parque de los Eucaliptos, ubicado en el cruce de las calles Cucha Cucha y Edison, de Sarand\u00ed, partido de Avellaneda.En un momento, un joven, luego identificado como Nicol\u00e1s Gabriel Romero (25), lleg\u00f3 al lugar a bordo de una motocicleta junto a Gabriel Benitez (24) y comenz\u00f3 a atacar a Tom\u00e1s Bernal (18), que se encontraba en la plaza con amigos.<\/p>\n\n\n\n<p>De acuerdo a lo informado a T\u00e9lam por los voceros, y tal como se ve en el video grabado por una testigo, Bernal empez\u00f3 a ser amenazado por Romero, quien portaba un arma de fuego en su mano.<\/p>\n\n\n\n<p>En la filmaci\u00f3n, se advierte que el atacante intimida y agrede primero a golpes a Bernal frente a los dem\u00e1s integrantes del grupo y varias veces le pregunta; &#8220;\u00bfTe quer\u00edas parar de manos conmigo?&#8221;. Luego, se observa c\u00f3mo Bernal recibe varios culatazos con un arma de parte del agresor, quien le dice: &#8220;Soy re maldito&#8221;.<\/p>\n\n\n\n<p>Tambi\u00e9n, se escucha a la chica que grab\u00f3 el video preguntar &#8220;\u00bfnadie lo va a ayudar?&#8221;, en referencia al joven de 18 a\u00f1os agredido, y luego decir sobre el atacante: &#8220;Tiene un fierro y lo est\u00e1 agitando &#8216;de piola'&#8221;.<\/p>\n\n\n\n<p>Hac\u00eda el final del video, otra mujer que se encontraba junto a la que grab\u00f3, al escuchar una detonaci\u00f3n de arma de fuego, dice: &#8220;Uy, le dio&#8221;, mientras que la otra joven comienza a correr hac\u00eda el lugar exacto del ataque y grita una serie de insultos hacia el tirador.<\/p>\n\n\n\n<p>Instantes despu\u00e9s, los voceros informaron a esta agencia que personal policial del Comando Patrullas de la zona fue alertado a trav\u00e9s del 911 de lo ocurrido y, al llegar al lugar, entrevist\u00f3 a una testigo que relat\u00f3 lo ocurrido.<\/p>\n\n\n\n<p>Por su parte, la v\u00edctima fue trasladada de urgencia al hospital Interzonal General de Agudos &#8220;Presidente Per\u00f3n&#8221; de Sarand\u00ed, donde muri\u00f3 al cabo de unas horas.<\/p>\n\n\n\n<p>Luego de eso, y teniendo en cuenta las caracter\u00edsticas descriptas por los testigos del ataque, los uniformados interceptaron un autom\u00f3vil Renault Megane, donde fue detenido Romero, quien se encontraba junto a Ben\u00edtez, otro hombre de 49 a\u00f1os y una joven de 28 a\u00f1os.<\/p>\n\n\n\n<p>Romero qued\u00f3 detenido, acusado de haber sido el autor del crimen, mientras que su c\u00f3mplice Ben\u00edtez tambi\u00e9n fue apresado e imputado como coautor, ya que fue quien traslad\u00f3 al tirador en una moto hasta el lugar del hecho y con quien escap\u00f3 de all\u00ed.<br>En tanto, en la escena del hecho, los polic\u00edas secuestraron una motocicleta Zanella 110 sin patente, la cual los investigadores especulan que fue utilizada imputados en el hecho.<\/p>\n\n\n\n<p>En el asiento de la moto, los efectivos hallaron un rev\u00f3lver Taurus calibre .38 largo, con dos proyectiles percutados y otros cuatro intactos en el tambor, adem\u00e1s de un morral con ocho municiones del mismo calibre.<\/p>\n\n\n\n<p>Con respecto al m\u00f3vil del ataque, los pesquisas dijeron a T\u00e9lam que se trabaja sobre la hip\u00f3tesis de un problema previo entre los acusados y la victima.<\/p>\n\n\n\n<p>La causa qued\u00f3 a cargo de la fiscal Solange C\u00e1ceres, de la Unidad Funcional de Instrucci\u00f3n (UFI) 3 de los tribunales de Avellaneda-Lan\u00fas, que imput\u00f3 a Romero por el delito de &#8220;homicidio agravado en concurso legal por portaci\u00f3n de arma de guerra&#8221; y a Ben\u00edtez como caoutor.<\/p>\n\n\n\n<p>Por \u00faltimo, fuentes judiciales informaron a T\u00e9lam que en las primeras horas de la tarde de este lunes la fiscal C\u00e1ceres llev\u00f3 a cabo las declaraciones indagatorias de ambos detenidos.<\/p>\n\n\n\n<p>Romero se neg\u00f3 a declarar ante la fiscal, mientras que Benitez declar\u00f3 e intent\u00f3 deslindar la responsabilidad que tuvo en el hecho, dijeron las fuentes judiciales.<\/p>\n","protected":false},"excerpt":{"rendered":"<p>Un joven de 18 a\u00f1os fue asesinado de un tiro en la cabeza durante una&#8230;<\/p>\n","protected":false},"author":2,"featured_media":2551,"comment_status":"open","ping_status":"open","sticky":false,"template":"","format":"standard","meta":{"_jetpack_memberships_contains_paid_content":false,"footnotes":""},"categories":[450],"tags":[96,30],"class_list":["post-2550","post","type-post","status-publish","format-standard","has-post-thumbnail","hentry","category-avellaneda","tag-homicidio","tag-sarandi"],"jetpack_featured_media_url":"https:\/\/i0.wp.com\/realidadsur.com.ar\/wp-content\/uploads\/2023\/12\/Mataron-a-un-joven-de-18-anos-en-Sarandi.jpg?fit=1200%2C675&ssl=1","jetpack_sharing_enabled":true,"_links":{"self":[{"href":"https:\/\/realidadsur.com.ar\/index.php?rest_route=\/wp\/v2\/posts\/2550","targetHints":{"allow":["GET"]}}],"collection":[{"href":"https:\/\/realidadsur.com.ar\/index.php?rest_route=\/wp\/v2\/posts"}],"about":[{"href":"https:\/\/realidadsur.com.ar\/index.php?rest_route=\/wp\/v2\/types\/post"}],"author":[{"embeddable":true,"href":"https:\/\/realidadsur.com.ar\/index.php?rest_route=\/wp\/v2\/users\/2"}],"replies":[{"embeddable":true,"href":"https:\/\/realidadsur.com.ar\/index.php?rest_route=%2Fwp%2Fv2%2Fcomments&post=2550"}],"version-history":[{"count":1,"href":"https:\/\/realidadsur.com.ar\/index.php?rest_route=\/wp\/v2\/posts\/2550\/revisions"}],"predecessor-version":[{"id":2552,"href":"https:\/\/realidadsur.com.ar\/index.php?rest_route=\/wp\/v2\/posts\/2550\/revisions\/2552"}],"wp:featuredmedia":[{"embeddable":true,"href":"https:\/\/realidadsur.com.ar\/index.php?rest_route=\/wp\/v2\/media\/2551"}],"wp:attachment":[{"href":"https:\/\/realidadsur.com.ar\/index.php?rest_route=%2Fwp%2Fv2%2Fmedia&parent=2550"}],"wp:term":[{"taxonomy":"category","embeddable":true,"href":"https:\/\/realidadsur.com.ar\/index.php?rest_route=%2Fwp%2Fv2%2Fcategories&post=2550"},{"taxonomy":"post_tag","embeddable":true,"href":"https:\/\/realidadsur.com.ar\/index.php?rest_route=%2Fwp%2Fv2%2Ftags&post=2550"}],"curies":[{"name":"wp","href":"https:\/\/api.w.org\/{rel}","templated":true}]}}