{"id":2559,"date":"2023-12-11T20:30:53","date_gmt":"2023-12-11T23:30:53","guid":{"rendered":"https:\/\/realidadsur.com.ar\/?p=2559"},"modified":"2023-12-11T20:30:54","modified_gmt":"2023-12-11T23:30:54","slug":"axel-kicillof-juro-por-un-nuevo-mandato-y-expreso-nos-eligieron-para-seguir-transformando-la-provincia","status":"publish","type":"post","link":"https:\/\/realidadsur.com.ar\/?p=2559","title":{"rendered":"AXEL KICILLOF JUR\u00d3 POR UN NUEVO MANDATO Y EXPRES\u00d3: &#8220;NOS ELIGIERON PARA SEGUIR TRANSFORMANDO LA PROVINCIA&#8221;"},"content":{"rendered":"\n<p>El reelecto gobernador bonaerense, Axel Kicillof, jur\u00f3 este lunes por la tarde ante la Asamblea Legislativa para su segundo mandato en ese cargo.<\/p>\n\n\n\n<p>Previamente hab\u00eda jurado la vicegobernadora, Ver\u00f3nica Magario.<\/p>\n\n\n\n<p>Kicillof, afirm\u00f3 que fue elegido &#8220;para seguir transformando la provincia&#8221;, destac\u00f3 que en las elecciones el peronismo recuper\u00f3 &#8220;16 municipios para alcanzar un total de 84&#8221; y celebr\u00f3 que la jurisdicci\u00f3n &#8220;se pint\u00f3 de celeste&#8221;.<\/p>\n\n\n\n<p>Adem\u00e1s, el gobernador asegur\u00f3 que los votantes de la provincia de Buenos Aires expresaron en las urnas que &#8220;lo que falta en este territorio no se consigue ni con motosierra, ni con ajuste y dijeron que no sobran derechos, ni Estado, sino que hacen faltan derechos y m\u00e1s y mejor Estado&#8221;.<\/p>\n\n\n\n<p>El gabinete<br>Gabriel Katopodis ser\u00e1 el nuevo ministro de Infraestructura y Servicios P\u00fablicos; la economista Silvina Batakis se har\u00e1 cargo del Ministerio de H\u00e1bitat; y en la cartera de Justicia desembarcar\u00e1 Juan Mart\u00edn Mena, mientras que Malena Galmarini ser\u00e1 propuesta para la presidencia del Grupo Banco Provincia (Grupo Bapro).<\/p>\n\n\n\n<p>Adem\u00e1s, el gobernador mantuvo en sus cargos a Andr\u00e9s Larroque (Desarrollo de la Comunidad); Pablo L\u00f3pez (Hacienda); Augusto Costa (Producci\u00f3n); Nicol\u00e1s Kreplak (Salud); Walter Correa (Trabajo); Alberto Sileoni (Educaci\u00f3n); Daniela Vilar (Ambiente), Javier Rodr\u00edguez (Desarrollo Agrario) y Agustina Vila (Secretar\u00eda General).<\/p>\n\n\n\n<p>Tambi\u00e9n contin\u00faan Jesica Rey (Comunicaci\u00f3n P\u00fablica); Florencia Saintout (Instituto Cultural de la provincia de Buenos Aires); Jorge D&#8217;Onofrio (Transporte); Cristian Girard (ARBA), Juan Cuattromo (Banco Provincia); Santiago P\u00e9rez Teruel (Asesor\u00eda General de Gobierno) y Estela D\u00edaz (Mujeres).<\/p>\n\n\n\n<p>En tanto, Cristina \u00c1lvarez Rodr\u00edguez ser\u00e1 la nueva jefa de Asesores del Gobernador, mientras que Carlos Bianco asumir\u00e1 como ministro de Gobierno.<\/p>\n\n\n\n<p>Por \u00faltimo, en el Ministerio de Seguridad asumir\u00e1 Javier Alonso, en tanto que Sergio Berni fue designado en el Instituto Universitario Juan Vucetich.<\/p>\n","protected":false},"excerpt":{"rendered":"<p>El reelecto gobernador bonaerense, Axel Kicillof, jur\u00f3 este lunes por la tarde ante la Asamblea&#8230;<\/p>\n","protected":false},"author":2,"featured_media":2560,"comment_status":"open","ping_status":"open","sticky":false,"template":"","format":"standard","meta":{"_jetpack_memberships_contains_paid_content":false,"footnotes":""},"categories":[4],"tags":[24,958],"class_list":["post-2559","post","type-post","status-publish","format-standard","has-post-thumbnail","hentry","category-provincia","tag-axel-kicillof","tag-nuevo-mandato"],"jetpack_featured_media_url":"https:\/\/i0.wp.com\/realidadsur.com.ar\/wp-content\/uploads\/2023\/12\/Axel-Kicillof.jpg?fit=1200%2C675&ssl=1","jetpack_sharing_enabled":true,"_links":{"self":[{"href":"https:\/\/realidadsur.com.ar\/index.php?rest_route=\/wp\/v2\/posts\/2559","targetHints":{"allow":["GET"]}}],"collection":[{"href":"https:\/\/realidadsur.com.ar\/index.php?rest_route=\/wp\/v2\/posts"}],"about":[{"href":"https:\/\/realidadsur.com.ar\/index.php?rest_route=\/wp\/v2\/types\/post"}],"author":[{"embeddable":true,"href":"https:\/\/realidadsur.com.ar\/index.php?rest_route=\/wp\/v2\/users\/2"}],"replies":[{"embeddable":true,"href":"https:\/\/realidadsur.com.ar\/index.php?rest_route=%2Fwp%2Fv2%2Fcomments&post=2559"}],"version-history":[{"count":1,"href":"https:\/\/realidadsur.com.ar\/index.php?rest_route=\/wp\/v2\/posts\/2559\/revisions"}],"predecessor-version":[{"id":2561,"href":"https:\/\/realidadsur.com.ar\/index.php?rest_route=\/wp\/v2\/posts\/2559\/revisions\/2561"}],"wp:featuredmedia":[{"embeddable":true,"href":"https:\/\/realidadsur.com.ar\/index.php?rest_route=\/wp\/v2\/media\/2560"}],"wp:attachment":[{"href":"https:\/\/realidadsur.com.ar\/index.php?rest_route=%2Fwp%2Fv2%2Fmedia&parent=2559"}],"wp:term":[{"taxonomy":"category","embeddable":true,"href":"https:\/\/realidadsur.com.ar\/index.php?rest_route=%2Fwp%2Fv2%2Fcategories&post=2559"},{"taxonomy":"post_tag","embeddable":true,"href":"https:\/\/realidadsur.com.ar\/index.php?rest_route=%2Fwp%2Fv2%2Ftags&post=2559"}],"curies":[{"name":"wp","href":"https:\/\/api.w.org\/{rel}","templated":true}]}}