{"id":2617,"date":"2023-12-13T17:07:23","date_gmt":"2023-12-13T20:07:23","guid":{"rendered":"https:\/\/realidadsur.com.ar\/?p=2617"},"modified":"2023-12-13T17:07:24","modified_gmt":"2023-12-13T20:07:24","slug":"el-presidente-milei-se-reunio-con-jose-luis-espert","status":"publish","type":"post","link":"https:\/\/realidadsur.com.ar\/?p=2617","title":{"rendered":"EL PRESIDENTE MILEI SE REUNI\u00d3 CON JOS\u00c9 LUIS ESPERT"},"content":{"rendered":"\n<p>El diputado nacional Jos\u00e9 Luis Espert (JxC) se reuni\u00f3 este con el presidente Javier Milei, primero en el Hotel Libertador y luego en la Casa Rosada, y advirti\u00f3 que ser\u00e1n &#8220;unos meses muy duros&#8221;.<\/p>\n\n\n\n<p>&#8220;Tenemos un gran trabajo en el Congreso. (Para definiciones econ\u00f3micas) hay un ministro de Econom\u00eda. Van a ser meses duros, el Presidente ha sido muy sincero con todos&#8221;, sostuvo Espert en declaraciones a la prensa a la salida del hotel en C\u00f3rdoba 690.<\/p>\n\n\n\n<p>Espert, quien acompa\u00f1\u00f3 al excandidato a presidente Horacio Rodr\u00edguez Larreta en su campa\u00f1a a la presidencia, acudi\u00f3 este mi\u00e9rcoles alrededor de las 7.45 al hotel donde reside a\u00fan Milei y mantuvo un encuentro que dur\u00f3 pocos minutos.<\/p>\n\n\n\n<p>&#8220;Vine para verlo y ver c\u00f3mo anda. Est\u00e1 b\u00e1rbaro. No hablamos de medidas&#8221;, indic\u00f3 el legislador, quien aclar\u00f3 que no se sumar\u00e1 al equipo econ\u00f3mico y que trabajar\u00e1 &#8220;en el Congreso&#8221;.<\/p>\n\n\n\n<p>El diputado se reuni\u00f3 sorpresivamente horas m\u00e1s tarde, alrededor de las 12, con el Presidente en la Casa Rosada.<\/p>\n\n\n\n<p>Al salir, Espert charl\u00f3 con la prensa e indic\u00f3 que Argentina &#8220;va a terminar este a\u00f1o con 200% de inflaci\u00f3n&#8221;.<\/p>\n\n\n\n<p>&#8220;Argentina va a terminar este a\u00f1o con 200 % de inflaci\u00f3n y el 2024 vamos a seguir con una inflaci\u00f3n alta&#8221;, sostuvo.<\/p>\n","protected":false},"excerpt":{"rendered":"<p>El diputado nacional Jos\u00e9 Luis Espert (JxC) se reuni\u00f3 este con el presidente Javier Milei,&#8230;<\/p>\n","protected":false},"author":2,"featured_media":2618,"comment_status":"open","ping_status":"open","sticky":false,"template":"","format":"standard","meta":{"_jetpack_memberships_contains_paid_content":false,"footnotes":""},"categories":[3],"tags":[200,990],"class_list":["post-2617","post","type-post","status-publish","format-standard","has-post-thumbnail","hentry","category-nacion","tag-javier-milei","tag-jose-luis-espert"],"jetpack_featured_media_url":"https:\/\/i0.wp.com\/realidadsur.com.ar\/wp-content\/uploads\/2023\/12\/Milei-recibio-a-Espert.jpg?fit=300%2C200&ssl=1","jetpack_sharing_enabled":true,"_links":{"self":[{"href":"https:\/\/realidadsur.com.ar\/index.php?rest_route=\/wp\/v2\/posts\/2617","targetHints":{"allow":["GET"]}}],"collection":[{"href":"https:\/\/realidadsur.com.ar\/index.php?rest_route=\/wp\/v2\/posts"}],"about":[{"href":"https:\/\/realidadsur.com.ar\/index.php?rest_route=\/wp\/v2\/types\/post"}],"author":[{"embeddable":true,"href":"https:\/\/realidadsur.com.ar\/index.php?rest_route=\/wp\/v2\/users\/2"}],"replies":[{"embeddable":true,"href":"https:\/\/realidadsur.com.ar\/index.php?rest_route=%2Fwp%2Fv2%2Fcomments&post=2617"}],"version-history":[{"count":1,"href":"https:\/\/realidadsur.com.ar\/index.php?rest_route=\/wp\/v2\/posts\/2617\/revisions"}],"predecessor-version":[{"id":2619,"href":"https:\/\/realidadsur.com.ar\/index.php?rest_route=\/wp\/v2\/posts\/2617\/revisions\/2619"}],"wp:featuredmedia":[{"embeddable":true,"href":"https:\/\/realidadsur.com.ar\/index.php?rest_route=\/wp\/v2\/media\/2618"}],"wp:attachment":[{"href":"https:\/\/realidadsur.com.ar\/index.php?rest_route=%2Fwp%2Fv2%2Fmedia&parent=2617"}],"wp:term":[{"taxonomy":"category","embeddable":true,"href":"https:\/\/realidadsur.com.ar\/index.php?rest_route=%2Fwp%2Fv2%2Fcategories&post=2617"},{"taxonomy":"post_tag","embeddable":true,"href":"https:\/\/realidadsur.com.ar\/index.php?rest_route=%2Fwp%2Fv2%2Ftags&post=2617"}],"curies":[{"name":"wp","href":"https:\/\/api.w.org\/{rel}","templated":true}]}}