{"id":2623,"date":"2023-12-13T17:20:10","date_gmt":"2023-12-13T20:20:10","guid":{"rendered":"https:\/\/realidadsur.com.ar\/?p=2623"},"modified":"2023-12-13T17:20:11","modified_gmt":"2023-12-13T20:20:11","slug":"el-senasa-confirmo-dos-nuevos-casos-de-encefalomielitis-equina","status":"publish","type":"post","link":"https:\/\/realidadsur.com.ar\/?p=2623","title":{"rendered":"EL SENASA CONFIRM\u00d3 DOS NUEVOS CASOS DE ENCEFALOMIELITIS EQUINA"},"content":{"rendered":"\n<p>El Servicio Nacional de Sanidad Agroalimentaria (Senasa) confirm\u00f3 hoy dos casos de encefalomielitis equina en Viedma, R\u00edo Negro, tras la muerte de una yegua y la infecci\u00f3n que padece un caballo desde la semana pasada en la zona de chacras del Instituto de Desarrollo del Valle Inferior (Idevi), en la capital provincial, al tiempo que tambi\u00e9n se confirm\u00f3 un nuevo caso en General Lavalle, provincia de Buenos Aires.<\/p>\n\n\n\n<p>En R\u00edo Negro, los casos fueron confirmados &#8220;uno por laboratorio y el otro por an\u00e1lisis cl\u00ednico&#8221;, dijo a T\u00e9lam el veterinario de Senasa, Diego Aman.<\/p>\n\n\n\n<p>La sospecha inicial de una posible infecci\u00f3n con &#8220;Alphavirus&#8221; surgi\u00f3 cuando los dos equinos comenzaron a mostrar s\u00edntomas compatibles con la encefalomielitis equina a principios de diciembre.<\/p>\n\n\n\n<p>Los recientes brotes se hallaron en muestras de equinos con s\u00edntomas nerviosos y mortandad, procesadas por el Instituto Dr. Julio I. Maiztegui.<\/p>\n\n\n\n<p>Hasta el momento, se confirm\u00f3 un total de 683 brotes positivos, contabilizando 19 por diagn\u00f3stico de laboratorio y 664 por diagn\u00f3stico cl\u00ednico (por sintomatolog\u00eda y nexo epidemiol\u00f3gico).<\/p>\n\n\n\n<p>Adem\u00e1s de R\u00edo Negro y Buenos Aires, las provincias a d\u00f3nde lleg\u00f3 la enfermedad, a la fecha, son Chaco, Corrientes, C\u00f3rdoba, Santa Fe, Entre R\u00edos, Formosa, Santiago del Estero y R\u00edo Negro.<\/p>\n\n\n\n<p>La enfermedad viral se transmite desde las aves a los mosquitos, quienes mediante picaduras infectan a los equinos y presenta un per\u00edodo de incubaci\u00f3n de entre 5 y 14 d\u00edas hasta su manifestaci\u00f3n sintom\u00e1tica.<\/p>\n\n\n\n<p>Las muestras provienen de equinos que han fallecido hasta el momento, y son procesadas por el INTA de Castellar y la Universidad Nacional de C\u00f3rdoba.<\/p>\n\n\n\n<p>Actualmente, se reportan dos casos sospechosos con s\u00edntomas similares en las localidades de Coronel Belisle y Valle Azul de R\u00edo Negro.<\/p>\n\n\n\n<p>En ese marco, el veterinario explic\u00f3 que el animal que se analiz\u00f3 cl\u00ednicamente, aun no falleci\u00f3, tiene los s\u00edntomas de la enfermedad y se puede recuperar.<\/p>\n\n\n\n<p>&#8220;La infecci\u00f3n no tiene una letalidad del 100 por ciento, no todos los caballos mueren, algunos la resisten&#8221;, aclar\u00f3.<\/p>\n\n\n\n<p>Adem\u00e1s, confirm\u00f3 que la variable de virus que existe en esa zona y en Argentina es la denominada &#8220;del Oeste&#8221;.<\/p>\n\n\n\n<p>Aman tambi\u00e9n dijo que esa variable de la enfermedad tiene la particularidad de que es la menos letal y que no se disemina por el animal ni por las personas, &#8220;ya que son el l\u00edmite de la enfermedad, termina en ellos&#8221;, apunt\u00f3.<br><br>En ese sentido, afirm\u00f3 que los portadores del virus son las aves y los mosquitos al tiempo que agreg\u00f3 que &#8220;ese es el ciclo natural en el que se mantiene la enfermedad&#8221;.<\/p>\n\n\n\n<p>La enfermedad es clasificada como una zoonosis que afecta a la salud p\u00fablica, y por ese motivo se recomienda el uso de repelentes para las tareas rurales, uso de ropas con mangas largas para las personas que est\u00e1n muy expuestas a los mosquitos ya que &#8220;hay gente que por esto se enferma&#8221;, asegur\u00f3 el veterinario. Tambi\u00e9n record\u00f3 que &#8220;durante los a\u00f1os 80 hubo un brote en R\u00edo Negro y la gente se enferm\u00f3&#8221;.<\/p>\n\n\n\n<p>Para los animales tambi\u00e9n existen repelentes que se ponen sobre el animal, y la vacuna, que &#8220;ya estar\u00eda disponible en los pr\u00f3ximos d\u00edas para los caballos, y la compra y aplicaci\u00f3n y registro es responsabilidad de los veterinarios que est\u00e1n acreditados en el programa de equinos de Senasa&#8221;, concluy\u00f3 el veterinario.<\/p>\n","protected":false},"excerpt":{"rendered":"<p>El Servicio Nacional de Sanidad Agroalimentaria (Senasa) confirm\u00f3 hoy dos casos de encefalomielitis equina en&#8230;<\/p>\n","protected":false},"author":2,"featured_media":2624,"comment_status":"open","ping_status":"open","sticky":false,"template":"","format":"standard","meta":{"_jetpack_memberships_contains_paid_content":false,"footnotes":""},"categories":[3,4],"tags":[993],"class_list":["post-2623","post","type-post","status-publish","format-standard","has-post-thumbnail","hentry","category-nacion","category-provincia","tag-encefalomielitis-equina"],"jetpack_featured_media_url":"https:\/\/i0.wp.com\/realidadsur.com.ar\/wp-content\/uploads\/2023\/12\/Recomiendan-repelentes-para-evitar-la-enfermedad.jpg?fit=1004%2C565&ssl=1","jetpack_sharing_enabled":true,"_links":{"self":[{"href":"https:\/\/realidadsur.com.ar\/index.php?rest_route=\/wp\/v2\/posts\/2623","targetHints":{"allow":["GET"]}}],"collection":[{"href":"https:\/\/realidadsur.com.ar\/index.php?rest_route=\/wp\/v2\/posts"}],"about":[{"href":"https:\/\/realidadsur.com.ar\/index.php?rest_route=\/wp\/v2\/types\/post"}],"author":[{"embeddable":true,"href":"https:\/\/realidadsur.com.ar\/index.php?rest_route=\/wp\/v2\/users\/2"}],"replies":[{"embeddable":true,"href":"https:\/\/realidadsur.com.ar\/index.php?rest_route=%2Fwp%2Fv2%2Fcomments&post=2623"}],"version-history":[{"count":1,"href":"https:\/\/realidadsur.com.ar\/index.php?rest_route=\/wp\/v2\/posts\/2623\/revisions"}],"predecessor-version":[{"id":2625,"href":"https:\/\/realidadsur.com.ar\/index.php?rest_route=\/wp\/v2\/posts\/2623\/revisions\/2625"}],"wp:featuredmedia":[{"embeddable":true,"href":"https:\/\/realidadsur.com.ar\/index.php?rest_route=\/wp\/v2\/media\/2624"}],"wp:attachment":[{"href":"https:\/\/realidadsur.com.ar\/index.php?rest_route=%2Fwp%2Fv2%2Fmedia&parent=2623"}],"wp:term":[{"taxonomy":"category","embeddable":true,"href":"https:\/\/realidadsur.com.ar\/index.php?rest_route=%2Fwp%2Fv2%2Fcategories&post=2623"},{"taxonomy":"post_tag","embeddable":true,"href":"https:\/\/realidadsur.com.ar\/index.php?rest_route=%2Fwp%2Fv2%2Ftags&post=2623"}],"curies":[{"name":"wp","href":"https:\/\/api.w.org\/{rel}","templated":true}]}}