{"id":2645,"date":"2023-12-14T15:39:54","date_gmt":"2023-12-14T18:39:54","guid":{"rendered":"https:\/\/realidadsur.com.ar\/?p=2645"},"modified":"2023-12-14T15:39:55","modified_gmt":"2023-12-14T18:39:55","slug":"tres-hombres-fueron-detenidos-acusados-de-robarle-a-un-policia-en-quilmes","status":"publish","type":"post","link":"https:\/\/realidadsur.com.ar\/?p=2645","title":{"rendered":"TRES HOMBRES FUERON DETENIDOS ACUSADOS DE ROBARLE A UN POLIC\u00cdA EN QUILMES"},"content":{"rendered":"\n<p>Tres delincuentes fueron detenidos en Quilmes acusados de robarle a dos hombres, uno de ellos polic\u00eda retirado a quien le sustrajeron su arma de fuego, y cuando estaban en la comisar\u00eda fueron identificados como los autores de otro asalto, informaron hoy fuentes policiales.<\/p>\n\n\n\n<p>El hecho ocurri\u00f3 ayer por la tarde en la calle Gelly y Obes al 800, cuando tres delincuentes armados interceptaron a una camioneta en la que circulaban un comerciante y un polic\u00eda retirado.<\/p>\n\n\n\n<p>Seg\u00fan relataron las fuentes, al momento del hecho, al polic\u00eda retirado le sustrajeron sus pertenencias y una pistola Bersa calibre 9 mil\u00edmetros de su propiedad.<\/p>\n\n\n\n<p>Antes de darse a la fuga, uno de los delincuentes se dispar\u00f3 accidentalmente durante el forcejeo a pesar de lo cual, logr\u00f3 escapar.<\/p>\n\n\n\n<p>Tras dar aviso a la Polic\u00eda, personal del Comando de Patrullas y de la Comisar\u00eda 1ra. realizaron un rastrillaje en la zona donde se detuvo a uno de los sospechosos, un joven de 18 a\u00f1os.<\/p>\n\n\n\n<p>Al ser trasladado a la comisar\u00eda, el joven detenido fue reconocido por un chofer de colectivos como el autor junto a un c\u00f3mplice de un robo el pasado martes a pasajeros de la unidad que conduc\u00eda.<\/p>\n\n\n\n<p>En tanto, los agentes tomaron conocimiento que en el Hospital Fiorito de Avellaneda ingres\u00f3 un joven de 20 a\u00f1os con una herida de arma de fuego, por lo que se trasladaron hacia el lugar y constataron que se trataba de uno de los sospechosos, que fue identificado luego del an\u00e1lisis de las c\u00e1maras de seguridad de la zona del robo.<\/p>\n\n\n\n<p>El fiscal Jorge Saizar, a cargo de la Unidad Funcional de Instrucci\u00f3n (UFI) 5 de Quilmes, orden\u00f3 un allanamiento en que se detuvo al tercer sospechoso, de 21 a\u00f1os.<\/p>\n\n\n\n<p>En el domicilio se incaut\u00f3 la pistola del polic\u00eda retirado, ocho cartuchos de escopeta, como tambi\u00e9n la vestimenta utilizada por otro de los sospechosos en el momento que cometi\u00f3 el asalto.<\/p>\n\n\n\n<p>Los tres detenidos ser\u00e1n indagados en las pr\u00f3ximas horas por los delitos de \u201crobo agravado por uso de arma de fuego no hab\u00eda y robo calificado por su comisi\u00f3n en poblado&#8221;.<\/p>\n","protected":false},"excerpt":{"rendered":"<p>Tres delincuentes fueron detenidos en Quilmes acusados de robarle a dos hombres, uno de ellos&#8230;<\/p>\n","protected":false},"author":2,"featured_media":2646,"comment_status":"open","ping_status":"open","sticky":false,"template":"","format":"standard","meta":{"_jetpack_memberships_contains_paid_content":false,"footnotes":""},"categories":[5],"tags":[14,998,616],"class_list":["post-2645","post","type-post","status-publish","format-standard","has-post-thumbnail","hentry","category-quilmes","tag-quilmes","tag-robo-a-un-policia","tag-tres-detenidos"],"jetpack_featured_media_url":"https:\/\/i0.wp.com\/realidadsur.com.ar\/wp-content\/uploads\/2023\/12\/Delincuentes-detenidos.jpg?fit=862%2C475&ssl=1","jetpack_sharing_enabled":true,"_links":{"self":[{"href":"https:\/\/realidadsur.com.ar\/index.php?rest_route=\/wp\/v2\/posts\/2645","targetHints":{"allow":["GET"]}}],"collection":[{"href":"https:\/\/realidadsur.com.ar\/index.php?rest_route=\/wp\/v2\/posts"}],"about":[{"href":"https:\/\/realidadsur.com.ar\/index.php?rest_route=\/wp\/v2\/types\/post"}],"author":[{"embeddable":true,"href":"https:\/\/realidadsur.com.ar\/index.php?rest_route=\/wp\/v2\/users\/2"}],"replies":[{"embeddable":true,"href":"https:\/\/realidadsur.com.ar\/index.php?rest_route=%2Fwp%2Fv2%2Fcomments&post=2645"}],"version-history":[{"count":1,"href":"https:\/\/realidadsur.com.ar\/index.php?rest_route=\/wp\/v2\/posts\/2645\/revisions"}],"predecessor-version":[{"id":2647,"href":"https:\/\/realidadsur.com.ar\/index.php?rest_route=\/wp\/v2\/posts\/2645\/revisions\/2647"}],"wp:featuredmedia":[{"embeddable":true,"href":"https:\/\/realidadsur.com.ar\/index.php?rest_route=\/wp\/v2\/media\/2646"}],"wp:attachment":[{"href":"https:\/\/realidadsur.com.ar\/index.php?rest_route=%2Fwp%2Fv2%2Fmedia&parent=2645"}],"wp:term":[{"taxonomy":"category","embeddable":true,"href":"https:\/\/realidadsur.com.ar\/index.php?rest_route=%2Fwp%2Fv2%2Fcategories&post=2645"},{"taxonomy":"post_tag","embeddable":true,"href":"https:\/\/realidadsur.com.ar\/index.php?rest_route=%2Fwp%2Fv2%2Ftags&post=2645"}],"curies":[{"name":"wp","href":"https:\/\/api.w.org\/{rel}","templated":true}]}}