{"id":2648,"date":"2023-12-14T15:44:48","date_gmt":"2023-12-14T18:44:48","guid":{"rendered":"https:\/\/realidadsur.com.ar\/?p=2648"},"modified":"2023-12-14T15:44:50","modified_gmt":"2023-12-14T18:44:50","slug":"alberto-fernandez-acuso-a-patricia-bullrich-de-organizar-una-operacion-de-prensa","status":"publish","type":"post","link":"https:\/\/realidadsur.com.ar\/?p=2648","title":{"rendered":"ALBERTO FERN\u00c1NDEZ ACUS\u00d3 A PATRICIA BULLRICH DE ORGANIZAR UNA OPERACI\u00d3N DE PRENSA"},"content":{"rendered":"\n<p>El expresidente Alberto Fern\u00e1ndez anunci\u00f3 hoy que suspendi\u00f3 el viaje al exterior que ten\u00eda previsto realizar a Espa\u00f1a y Italia, ya que no quiere &#8220;ser acusado de abusar de privilegios que nunca&#8221; pidi\u00f3, al cuestionar a la ministra de Seguridad, Patricia Bullrich, por difundir y luego borrar una publicaci\u00f3n en la que hac\u00eda referencia a la supuesta derogaci\u00f3n del decreto sobre la custodia de los exmandatarios, la que consider\u00f3 una &#8220;operaci\u00f3n de prensa&#8221;.<\/p>\n\n\n\n<p>&#8220;En el d\u00eda de ayer, la ministra de Seguridad difundi\u00f3 un tweet en el que informaba la derogaci\u00f3n de un decreto firmado por m\u00ed y aclarando que iba a poner el fin al gasto que representa que un expresidente cuente con custodia cuando se desplaza al exterior. Para mi sorpresa, el tweet ha sido borrado de la cuenta de la ministra de Seguridad y la copia del decreto estaba firmado por Bullrich, quien solo puede firmar resoluciones ministeriales. Los decretos deben ser rubricados por el Presidente de la Naci\u00f3n&#8221;, explic\u00f3 el expresidente en su cuenta de X.<\/p>\n","protected":false},"excerpt":{"rendered":"<p>El expresidente Alberto Fern\u00e1ndez anunci\u00f3 hoy que suspendi\u00f3 el viaje al exterior que ten\u00eda previsto&#8230;<\/p>\n","protected":false},"author":2,"featured_media":2649,"comment_status":"open","ping_status":"open","sticky":false,"template":"","format":"standard","meta":{"_jetpack_memberships_contains_paid_content":false,"footnotes":""},"categories":[3],"tags":[32,74],"class_list":["post-2648","post","type-post","status-publish","format-standard","has-post-thumbnail","hentry","category-nacion","tag-alberto-fernandez","tag-patricia-bullrich"],"jetpack_featured_media_url":"https:\/\/i0.wp.com\/realidadsur.com.ar\/wp-content\/uploads\/2023\/12\/Patricia-Bullrich.jpg?fit=284%2C177&ssl=1","jetpack_sharing_enabled":true,"_links":{"self":[{"href":"https:\/\/realidadsur.com.ar\/index.php?rest_route=\/wp\/v2\/posts\/2648","targetHints":{"allow":["GET"]}}],"collection":[{"href":"https:\/\/realidadsur.com.ar\/index.php?rest_route=\/wp\/v2\/posts"}],"about":[{"href":"https:\/\/realidadsur.com.ar\/index.php?rest_route=\/wp\/v2\/types\/post"}],"author":[{"embeddable":true,"href":"https:\/\/realidadsur.com.ar\/index.php?rest_route=\/wp\/v2\/users\/2"}],"replies":[{"embeddable":true,"href":"https:\/\/realidadsur.com.ar\/index.php?rest_route=%2Fwp%2Fv2%2Fcomments&post=2648"}],"version-history":[{"count":1,"href":"https:\/\/realidadsur.com.ar\/index.php?rest_route=\/wp\/v2\/posts\/2648\/revisions"}],"predecessor-version":[{"id":2650,"href":"https:\/\/realidadsur.com.ar\/index.php?rest_route=\/wp\/v2\/posts\/2648\/revisions\/2650"}],"wp:featuredmedia":[{"embeddable":true,"href":"https:\/\/realidadsur.com.ar\/index.php?rest_route=\/wp\/v2\/media\/2649"}],"wp:attachment":[{"href":"https:\/\/realidadsur.com.ar\/index.php?rest_route=%2Fwp%2Fv2%2Fmedia&parent=2648"}],"wp:term":[{"taxonomy":"category","embeddable":true,"href":"https:\/\/realidadsur.com.ar\/index.php?rest_route=%2Fwp%2Fv2%2Fcategories&post=2648"},{"taxonomy":"post_tag","embeddable":true,"href":"https:\/\/realidadsur.com.ar\/index.php?rest_route=%2Fwp%2Fv2%2Ftags&post=2648"}],"curies":[{"name":"wp","href":"https:\/\/api.w.org\/{rel}","templated":true}]}}