{"id":2681,"date":"2023-12-15T17:08:36","date_gmt":"2023-12-15T20:08:36","guid":{"rendered":"https:\/\/realidadsur.com.ar\/?p=2681"},"modified":"2023-12-15T17:08:37","modified_gmt":"2023-12-15T20:08:37","slug":"quilmes-dos-detenidos-por-el-crimen-del-motociclista","status":"publish","type":"post","link":"https:\/\/realidadsur.com.ar\/?p=2681","title":{"rendered":"QUILMES: DOS DETENIDOS POR EL CRIMEN DEL MOTOCICLISTA"},"content":{"rendered":"\n<p>Un adolescente de 14 a\u00f1os y un joven de 18 fueron detenidos en las \u00faltimas horas acusados de ser los dos ladrones que asaltaron y asesinaron de un tiro en el pecho a un motociclista, t\u00edo de un futbolista del club Independiente, cuando se resisti\u00f3 a que le robaran la moto en Quilmes Oeste, informaron este viernes fuentes policiales y judiciales.<\/p>\n\n\n\n<p>Las detenciones fueron concretadas por detectives de la Delegaci\u00f3n Departamental de Investigaciones (DDI) de Quilmes en una serie de allanamientos realizados en el marco de la causa por el homicidio de Hern\u00e1n Dami\u00e1n Costa (49).<\/p>\n\n\n\n<p>La v\u00edctima trabajaba como cocinero en un restaurante de puerto Madero, ten\u00eda domicilio en Florencio Varela y era t\u00edo de Ayrton Costa, defensor de Independiente, raz\u00f3n por la cual desde el club de Avellaneda emitieron un mensaje lamentando su asesinato.<\/p>\n\n\n\n<p>Seg\u00fan las fuentes, el adolescente de 14 a\u00f1os -su identidad se resguarda-, est\u00e1 sindicado como el tirador que asesin\u00f3 a la v\u00edctima, aunque por su edad no podr\u00e1 ser condenado ya que es inimputable.<\/p>\n\n\n\n<p>El mayor de los imputados por el crimen de Costa fue identificado por la Polic\u00eda como Alexis Gabriel Meza (18).<\/p>\n\n\n\n<p>Los voceros explicaron que los dos acusados estaban identificados desde el jueves, a partir del an\u00e1lisis de las filmaciones de c\u00e1maras de seguridad, de la comparaci\u00f3n de fotograf\u00edas y de una serie de declaraciones testimoniales.<\/p>\n\n\n\n<p>Las fuentes revelaron que, al momento de sus detenciones, ambos sospechosos quisieron huir, el mayor por los techos, y el menor por la calle, en domicilios allanados en el partido de Quilmes, pero en ambos casos fueron interceptados, reducidos y arrestados por los efectivos de la DDI.<\/p>\n\n\n\n<p>Meza, el imputado de 18 a\u00f1os, qued\u00f3 aprehendido a disposici\u00f3n del fiscal de la causa, Jorge Saizar, de la Unidad Funcional de Instrucci\u00f3n (UFI) 5 del Departamento Judicial de Quilmes, quien en las pr\u00f3ximas horas lo indagar\u00e1 por \u201chomicidio agravado criminis causa\u201d, es decir, cuando se mata para ocultar otro delito \u2013en este caso el robo-, y lograr la impunidad, lo que tiene como \u00fanica pena la prisi\u00f3n perpetua.<\/p>\n\n\n\n<p>Respecto al adolescente, qued\u00f3 a disposici\u00f3n del Fuero Penal Juvenil de Quilmes que, pese a que no podr\u00e1 someterlo a un proceso penal por su edad, debe definir si queda sujeto a alg\u00fan tipo de medida de seguridad o a resguardo de alg\u00fan familiar.<\/p>\n\n\n\n<p>\u201cTodav\u00eda no secuestramos ning\u00fan arma, pero en la autopsia se le extrajo a la v\u00edctima un proyectil calibre 32, con lo cual inferimos que lo mataron de un disparo efectuado con un rev\u00f3lver de ese mismo calibre. No hab\u00eda vaina servida en la escena del crimen\u201d, dijo a T\u00e9lam una fuente judicial.<\/p>\n\n\n\n<p>El mismo informante revel\u00f3 que la polic\u00eda bonaerense a\u00fan no hab\u00eda localizado la moto robada a Costa, pero s\u00ed hall\u00f3 incendiada en jurisdicci\u00f3n de la comisar\u00eda 7ma. de Quilmes, la moto azul que le atribuyen haber estado conduciendo a Meza durante el hecho.<\/p>\n\n\n\n<p>C\u00f3mo ocurri\u00f3 el crimen<br>El homicidio de Costa ocurri\u00f3 el jueves alrededor de las 16 en la esquina de avenida Calchaqu\u00ed y calle Jujuy, en Quilmes Oeste, al sur del conurbano, donde la v\u00edctima fue asaltada en medio del tr\u00e1nsito vehicular.<\/p>\n\n\n\n<p>Todo comenz\u00f3 cuando dos asaltantes armados que circulaban en una moto interceptaron a Costa con fines de robo y uno de los ladrones intimid\u00f3 con un arma al hombre, que se baj\u00f3 de la moto, dej\u00e1ndola tirada en medio de la avenida.<\/p>\n\n\n\n<p>La secuencia, que qued\u00f3 registrada por un transe\u00fante que film\u00f3 con su tel\u00e9fono celular, continu\u00f3 cuando el delincuente, que en principio hu\u00eda del lugar junto a su c\u00f3mplice, volvi\u00f3 sobre sus pasos para llevarse la moto.<\/p>\n\n\n\n<p>Tras blandir el arma de fuego, la guard\u00f3 en su cintura y levant\u00f3 el rodado, con el objetivo de ponerlo en marcha y escapar.<\/p>\n\n\n\n<p>Esa situaci\u00f3n fue aprovechada por Costa, que volvi\u00f3 corriendo con intenciones de recuperar su moto y golpe\u00f3 al asaltante con su casco.<\/p>\n\n\n\n<p>El ladr\u00f3n cay\u00f3 al suelo, pero inmediatamente despu\u00e9s volvi\u00f3 a extraer su arma de fuego y le dispar\u00f3 desde corta distancia a la v\u00edctima, tras lo cual huy\u00f3 con la moto robada.<\/p>\n\n\n\n<p>Las im\u00e1genes del crimen grabadas con celulares por testigos desde la calle o desde un colectivo, se viralizaron por los medios y las redes sociales, y se sumaron como pruebas fundamentales del expediente.<\/p>\n\n\n\n<p>Desde su perfil de Instagram @ayrtoncosta32, el sobrino futbolista poste\u00f3 una foto suya con su t\u00edo dentro de un ascensor y con el mensaje \u201cdescansa en paz\u201d acompa\u00f1ado de un emoji con un coraz\u00f3n roto y otro de una cara llorosa.<\/p>\n\n\n\n<p>Tambi\u00e9n desde Instagram, el Club Atl\u00e9tico Independiente envi\u00f3 el siguiente mensaje sobre el caso: \u201cLamentamos el fallecimiento de Hern\u00e1n Dami\u00e1n Costa, asesinado durante un intento de robo, y enviamos un fuerte abrazo y todo nuestro acompa\u00f1amiento para Ayrton y toda su familia en este momento de dolor. Mucha fuerza, el pueblo rojo est\u00e1 con ustedes. Que en paz descanse\u201d.<\/p>\n","protected":false},"excerpt":{"rendered":"<p>Un adolescente de 14 a\u00f1os y un joven de 18 fueron detenidos en las \u00faltimas&#8230;<\/p>\n","protected":false},"author":2,"featured_media":2682,"comment_status":"open","ping_status":"open","sticky":false,"template":"","format":"standard","meta":{"_jetpack_memberships_contains_paid_content":false,"footnotes":""},"categories":[5],"tags":[1019,447,361,14],"class_list":["post-2681","post","type-post","status-publish","format-standard","has-post-thumbnail","hentry","category-quilmes","tag-14-y-18-anos","tag-crimen","tag-detenidos","tag-quilmes"],"jetpack_featured_media_url":"https:\/\/i0.wp.com\/realidadsur.com.ar\/wp-content\/uploads\/2023\/12\/Detenido-por-el-crimen-del-motociclista.jpg?fit=1200%2C674&ssl=1","jetpack_sharing_enabled":true,"_links":{"self":[{"href":"https:\/\/realidadsur.com.ar\/index.php?rest_route=\/wp\/v2\/posts\/2681","targetHints":{"allow":["GET"]}}],"collection":[{"href":"https:\/\/realidadsur.com.ar\/index.php?rest_route=\/wp\/v2\/posts"}],"about":[{"href":"https:\/\/realidadsur.com.ar\/index.php?rest_route=\/wp\/v2\/types\/post"}],"author":[{"embeddable":true,"href":"https:\/\/realidadsur.com.ar\/index.php?rest_route=\/wp\/v2\/users\/2"}],"replies":[{"embeddable":true,"href":"https:\/\/realidadsur.com.ar\/index.php?rest_route=%2Fwp%2Fv2%2Fcomments&post=2681"}],"version-history":[{"count":1,"href":"https:\/\/realidadsur.com.ar\/index.php?rest_route=\/wp\/v2\/posts\/2681\/revisions"}],"predecessor-version":[{"id":2683,"href":"https:\/\/realidadsur.com.ar\/index.php?rest_route=\/wp\/v2\/posts\/2681\/revisions\/2683"}],"wp:featuredmedia":[{"embeddable":true,"href":"https:\/\/realidadsur.com.ar\/index.php?rest_route=\/wp\/v2\/media\/2682"}],"wp:attachment":[{"href":"https:\/\/realidadsur.com.ar\/index.php?rest_route=%2Fwp%2Fv2%2Fmedia&parent=2681"}],"wp:term":[{"taxonomy":"category","embeddable":true,"href":"https:\/\/realidadsur.com.ar\/index.php?rest_route=%2Fwp%2Fv2%2Fcategories&post=2681"},{"taxonomy":"post_tag","embeddable":true,"href":"https:\/\/realidadsur.com.ar\/index.php?rest_route=%2Fwp%2Fv2%2Ftags&post=2681"}],"curies":[{"name":"wp","href":"https:\/\/api.w.org\/{rel}","templated":true}]}}