{"id":2687,"date":"2023-12-15T17:15:07","date_gmt":"2023-12-15T20:15:07","guid":{"rendered":"https:\/\/realidadsur.com.ar\/?p=2687"},"modified":"2023-12-15T17:15:09","modified_gmt":"2023-12-15T20:15:09","slug":"el-cervecero-ya-tiene-dt","status":"publish","type":"post","link":"https:\/\/realidadsur.com.ar\/?p=2687","title":{"rendered":"EL CERVECERO YA TIENE DT"},"content":{"rendered":"\n<p>El cordob\u00e9s Dar\u00edo Franco, reciente finalista por el ascenso a primera divisi\u00f3n con Almirante Brown, fue anunciado hoy como nuevo director t\u00e9cnico de Quilmes para la pr\u00f3xima temporada de la Primera Nacional, segunda categor\u00eda del f\u00fatbol argentino.<\/p>\n\n\n\n<p>Franco, de 54 a\u00f1os, se desvincul\u00f3 de la entidad de Isidro Casanova a principios de mes luego de quedar sin chances de promocionar a la m\u00e1xima divisi\u00f3n de AFA. La &#8220;Fragata&#8221; perdi\u00f3 la final de la temporada con Independiente Rivadavia de Mendoza y en el Reducido qued\u00f3 eliminado en semifinales por Deportivo Riestra, el otro equipo que alcanz\u00f3 la categor\u00eda mayor.<\/p>\n\n\n\n<p>El exfutbolista de Newell&#8217;s Old Boys dirigir\u00e1 su octavo equipo en el pa\u00eds luego de pasar por San Mart\u00edn de Tucum\u00e1n (2010-2011), Instituto de C\u00f3rdoba (2011-2012 y 2017-2018), Aldosivi de Mar del Plata (2014, 2016-2017), Defensa y Justicia (2015), Col\u00f3n de Santa Fe (2015-2016), Gimnasia de Jujuy (2022-2023) y Almirante Brown (2023).<\/p>\n\n\n\n<p>Su carrera de entrenador se inici\u00f3 en M\u00e9xico (Morelia, Estudiantes Tecos y Atlas) y tambi\u00e9n registra experiencias por Chile (Universidad de Chile y San Luis), Ecuador (Olmedo) y Per\u00fa (Deportivo Binacional).<\/p>\n","protected":false},"excerpt":{"rendered":"<p>El cordob\u00e9s Dar\u00edo Franco, reciente finalista por el ascenso a primera divisi\u00f3n con Almirante Brown,&#8230;<\/p>\n","protected":false},"author":2,"featured_media":2573,"comment_status":"open","ping_status":"open","sticky":false,"template":"","format":"standard","meta":{"_jetpack_memberships_contains_paid_content":false,"footnotes":""},"categories":[5],"tags":[1022,1023,14],"class_list":["post-2687","post","type-post","status-publish","format-standard","has-post-thumbnail","hentry","category-quilmes","tag-dario-franco-2","tag-nuevo-dt","tag-quilmes"],"jetpack_featured_media_url":"https:\/\/i0.wp.com\/realidadsur.com.ar\/wp-content\/uploads\/2023\/12\/Dario-Franco.jpg?fit=580%2C330&ssl=1","jetpack_sharing_enabled":true,"_links":{"self":[{"href":"https:\/\/realidadsur.com.ar\/index.php?rest_route=\/wp\/v2\/posts\/2687","targetHints":{"allow":["GET"]}}],"collection":[{"href":"https:\/\/realidadsur.com.ar\/index.php?rest_route=\/wp\/v2\/posts"}],"about":[{"href":"https:\/\/realidadsur.com.ar\/index.php?rest_route=\/wp\/v2\/types\/post"}],"author":[{"embeddable":true,"href":"https:\/\/realidadsur.com.ar\/index.php?rest_route=\/wp\/v2\/users\/2"}],"replies":[{"embeddable":true,"href":"https:\/\/realidadsur.com.ar\/index.php?rest_route=%2Fwp%2Fv2%2Fcomments&post=2687"}],"version-history":[{"count":1,"href":"https:\/\/realidadsur.com.ar\/index.php?rest_route=\/wp\/v2\/posts\/2687\/revisions"}],"predecessor-version":[{"id":2688,"href":"https:\/\/realidadsur.com.ar\/index.php?rest_route=\/wp\/v2\/posts\/2687\/revisions\/2688"}],"wp:featuredmedia":[{"embeddable":true,"href":"https:\/\/realidadsur.com.ar\/index.php?rest_route=\/wp\/v2\/media\/2573"}],"wp:attachment":[{"href":"https:\/\/realidadsur.com.ar\/index.php?rest_route=%2Fwp%2Fv2%2Fmedia&parent=2687"}],"wp:term":[{"taxonomy":"category","embeddable":true,"href":"https:\/\/realidadsur.com.ar\/index.php?rest_route=%2Fwp%2Fv2%2Fcategories&post=2687"},{"taxonomy":"post_tag","embeddable":true,"href":"https:\/\/realidadsur.com.ar\/index.php?rest_route=%2Fwp%2Fv2%2Ftags&post=2687"}],"curies":[{"name":"wp","href":"https:\/\/api.w.org\/{rel}","templated":true}]}}